{"id":10097,"date":"2020-06-04T21:04:00","date_gmt":"2020-06-05T02:04:00","guid":{"rendered":"https:\/\/foro1025.mx\/?p=10097"},"modified":"2020-06-04T21:06:10","modified_gmt":"2020-06-05T02:06:10","slug":"gobierno-de-coacalco-reforzara-con-onu-acciones-en-pro-de-la-calidad-de-vida-de-la-ciudadania","status":"publish","type":"post","link":"https:\/\/foro1025.mx\/?p=10097","title":{"rendered":"Gobierno de Coacalco reforzar\u00e1 con ONU acciones en pro de la calidad de vida de la ciudadan\u00eda"},"content":{"rendered":"<ul class=\"ul1\">\n<li class=\"li3\"><i>Conjuntar\u00e1 esfuerzos con el Programa de Naciones Unidas para el Desarrollo en M\u00e9xico (PNUD)<\/i><\/li>\n<li class=\"li3\"><i>Alinear las acciones a la Agenda 2030 y la capacitaci\u00f3n de los servidores p\u00fablicos, los primeros acuerdos<\/i><\/li>\n<\/ul>\n<p class=\"p5\">El Gobierno de Coacalco que preside el Alcalde Darwin Eslava y el Programa de Naciones Unidas para el Desarrollo en M\u00e9xico (PNUD), sumar\u00e1n esfuerzos encaminados a procurar un municipio pr\u00f3spero y sin desigualdades.<\/p>\n<p class=\"p5\">Para tal fin, el Presidente Municipal sostuvo una reuni\u00f3n virtual con representantes del PNUD M\u00e9xico, para exponer las acciones que el Gobierno de Coacalco realiza en beneficio de la poblaci\u00f3n, principalmente en materia de Desarrollo social.<\/p>\n<p class=\"p5\">Darwin Eslava resalt\u00f3 que cada uno de los programas est\u00e1n alineados a los Objetivos de Desarrollo Sostenible (ODS) de la Agenda 2030, por lo que el respaldo de PNUD M\u00e9xico es fundamental para impulsarlos y que cumplan su cometido de mejorar la calidad de vida de las personas.<\/p>\n<p class=\"p5\">Destac\u00f3 que a casi a\u00f1o y medio de administraci\u00f3n se lograron importantes avances a nivel municipal, por lo que Coacalco estar\u00eda en condiciones de levantar bandera blanca en distintos rubros como pobreza extrema y de vivienda.<\/p>\n<p class=\"p5\">Cynthia Mart\u00ednez, Coordinadora del Proyecto de Implementaci\u00f3n de la Agenda 2030 a nivel subnacional, expuso las \u00e1reas en el que el PNUD interviene y la forma en que lo hace.<\/p>\n<p class=\"p5\">Extern\u00f3 su disposici\u00f3n para trabajar de la mano del Gobierno de Coacalco, para que en el d\u00eda a d\u00eda se avance en las acciones municipales, con el enfoque de la Agenda 2030 y que los programas implementados contribuyan al cumplimiento de las metas.<\/p>\n<p class=\"p5\">De igual forma, asegur\u00f3, el PNUD est\u00e1 abierto para capacitar a los servidores p\u00fablicos y que \u00e9stos fortalezcan sus conocimientos y los apliquen al momento de planear programas y ejecutarlos.<\/p>\n<p class=\"p5\">En esta reuni\u00f3n tambi\u00e9n participaron por parte del Gobierno local: Mauricio L\u00f3pez, Secretario T\u00e9cnico; el titular de Planeaci\u00f3n, Iv\u00e1n Vargas; de Desarrollo Econ\u00f3mico, Marco Aurelio \u00c1lvarez, y Cultura, Turismo y Artes, Isaac Vel\u00e1zquez; por el PNUD, Daniela Vallarino, jefa de la Unidad de Desarrollo Social y Econ\u00f3mico.<\/p>\n","protected":false},"excerpt":{"rendered":"<div class=\"mh-excerpt\"><p>Conjuntar\u00e1 esfuerzos con el Programa de Naciones Unidas para el Desarrollo en M\u00e9xico (PNUD) Alinear <a class=\"mh-excerpt-more\" href=\"https:\/\/foro1025.mx\/?p=10097\" title=\"Gobierno de Coacalco reforzar\u00e1 con ONU acciones en pro de la calidad de vida de la ciudadan\u00eda\">&#8230;<\/a><\/p>\n<\/div>","protected":false},"author":1,"featured_media":0,"comment_status":"closed","ping_status":"closed","sticky":false,"template":"","format":"standard","meta":{"footnotes":""},"categories":[7],"tags":[],"class_list":{"0":"post-10097","1":"post","2":"type-post","3":"status-publish","4":"format-standard","6":"category-coacalco"},"_links":{"self":[{"href":"https:\/\/foro1025.mx\/index.php?rest_route=\/wp\/v2\/posts\/10097","targetHints":{"allow":["GET"]}}],"collection":[{"href":"https:\/\/foro1025.mx\/index.php?rest_route=\/wp\/v2\/posts"}],"about":[{"href":"https:\/\/foro1025.mx\/index.php?rest_route=\/wp\/v2\/types\/post"}],"author":[{"embeddable":true,"href":"https:\/\/foro1025.mx\/index.php?rest_route=\/wp\/v2\/users\/1"}],"replies":[{"embeddable":true,"href":"https:\/\/foro1025.mx\/index.php?rest_route=%2Fwp%2Fv2%2Fcomments&post=10097"}],"version-history":[{"count":2,"href":"https:\/\/foro1025.mx\/index.php?rest_route=\/wp\/v2\/posts\/10097\/revisions"}],"predecessor-version":[{"id":10100,"href":"https:\/\/foro1025.mx\/index.php?rest_route=\/wp\/v2\/posts\/10097\/revisions\/10100"}],"wp:attachment":[{"href":"https:\/\/foro1025.mx\/index.php?rest_route=%2Fwp%2Fv2%2Fmedia&parent=10097"}],"wp:term":[{"taxonomy":"category","embeddable":true,"href":"https:\/\/foro1025.mx\/index.php?rest_route=%2Fwp%2Fv2%2Fcategories&post=10097"},{"taxonomy":"post_tag","embeddable":true,"href":"https:\/\/foro1025.mx\/index.php?rest_route=%2Fwp%2Fv2%2Ftags&post=10097"}],"curies":[{"name":"wp","href":"https:\/\/api.w.org\/{rel}","templated":true}]}}