{"id":10270,"date":"2020-06-17T17:30:49","date_gmt":"2020-06-17T22:30:49","guid":{"rendered":"https:\/\/foro1025.mx\/?p=10270"},"modified":"2020-06-17T17:30:49","modified_gmt":"2020-06-17T22:30:49","slug":"invita-naucalpan-a-celebrar-el-dia-del-padre-con-creatividad","status":"publish","type":"post","link":"https:\/\/foro1025.mx\/?p=10270","title":{"rendered":"Invita Naucalpan a celebrar el D\u00eda del Padre con creatividad"},"content":{"rendered":"<p class=\"p1\">La Secretar\u00eda de Cultura municipal invit\u00f3 a los naucalpenses a participar en el concurso \u00abFeliz D\u00eda del Padre\u00bb, con el que se busca incentivar la creatividad para festejar esta fecha sin desatender las medidas preventivas por la emergencia sanitaria por COVID-19.<\/p>\n<p class=\"p1\">Los interesados podr\u00e1n participar con una imagen comparativa, donde deber\u00e1n recrear alguna foto antigua en la que aparezcan padres e hijos, con los elementos que dispongan actualmente en su hogar.<\/p>\n<p class=\"p1\">Para el concurso virtual se abrir\u00e1n tres categor\u00edas: Infantil, de 5 a 10 a\u00f1os; Juvenil, de 11 a 18 a\u00f1os; y Adulto, mayores de 19 a\u00f1os.<\/p>\n<p class=\"p1\">Las fotograf\u00edas deber\u00e1n ser enviadas antes del viernes 19 de junio a las 16:59 horas, al<span class=\"Apple-converted-space\">\u00a0 <\/span>correo electr\u00f3nico culturacomunitaria19@gmail.com, con el nombre, edad de los participantes, n\u00famero telef\u00f3nico, categor\u00eda, correo electr\u00f3nico, as\u00ed como la autorizaci\u00f3n del uso de la fotograf\u00eda.<\/p>\n<p class=\"p1\">La votaci\u00f3n se realizar\u00e1 el s\u00e1bado 20 de junio a partir de las 10:00 y hasta las 16:59 horas en la p\u00e1gina web http:\/\/diadelpadre.naucalpan.gob.mx y los resultados se dar\u00e1n a conocer el domingo 21 de junio, a partir de las 13:00 horas.<\/p>\n<p class=\"p1\">Los tres participantes con mayor n\u00famero de votos de todas las categor\u00edas recibir\u00e1n premios, un libro de la colecci\u00f3n \u00abLeer para sanar\u00bb de la escritora Edm\u00e9e Pardo, y un reconocimiento por parte de la Secretar\u00eda de Cultura.<\/p>\n<p class=\"p1\">Para mayor informaci\u00f3n sobre la convocatoria, visita el portal https:\/\/naucalpan.gob.mx.<\/p>\n","protected":false},"excerpt":{"rendered":"<div class=\"mh-excerpt\"><p>La Secretar\u00eda de Cultura municipal invit\u00f3 a los naucalpenses a participar en el concurso \u00abFeliz <a class=\"mh-excerpt-more\" href=\"https:\/\/foro1025.mx\/?p=10270\" title=\"Invita Naucalpan a celebrar el D\u00eda del Padre con creatividad\">&#8230;<\/a><\/p>\n<\/div>","protected":false},"author":1,"featured_media":0,"comment_status":"closed","ping_status":"closed","sticky":false,"template":"","format":"standard","meta":{"footnotes":""},"categories":[8],"tags":[],"class_list":{"0":"post-10270","1":"post","2":"type-post","3":"status-publish","4":"format-standard","6":"category-naucalpan"},"_links":{"self":[{"href":"https:\/\/foro1025.mx\/index.php?rest_route=\/wp\/v2\/posts\/10270","targetHints":{"allow":["GET"]}}],"collection":[{"href":"https:\/\/foro1025.mx\/index.php?rest_route=\/wp\/v2\/posts"}],"about":[{"href":"https:\/\/foro1025.mx\/index.php?rest_route=\/wp\/v2\/types\/post"}],"author":[{"embeddable":true,"href":"https:\/\/foro1025.mx\/index.php?rest_route=\/wp\/v2\/users\/1"}],"replies":[{"embeddable":true,"href":"https:\/\/foro1025.mx\/index.php?rest_route=%2Fwp%2Fv2%2Fcomments&post=10270"}],"version-history":[{"count":1,"href":"https:\/\/foro1025.mx\/index.php?rest_route=\/wp\/v2\/posts\/10270\/revisions"}],"predecessor-version":[{"id":10272,"href":"https:\/\/foro1025.mx\/index.php?rest_route=\/wp\/v2\/posts\/10270\/revisions\/10272"}],"wp:attachment":[{"href":"https:\/\/foro1025.mx\/index.php?rest_route=%2Fwp%2Fv2%2Fmedia&parent=10270"}],"wp:term":[{"taxonomy":"category","embeddable":true,"href":"https:\/\/foro1025.mx\/index.php?rest_route=%2Fwp%2Fv2%2Fcategories&post=10270"},{"taxonomy":"post_tag","embeddable":true,"href":"https:\/\/foro1025.mx\/index.php?rest_route=%2Fwp%2Fv2%2Ftags&post=10270"}],"curies":[{"name":"wp","href":"https:\/\/api.w.org\/{rel}","templated":true}]}}