{"id":1033,"date":"2016-06-06T11:47:37","date_gmt":"2016-06-06T16:47:37","guid":{"rendered":"https:\/\/foro1025.mx\/?p=1033"},"modified":"2016-06-06T11:47:37","modified_gmt":"2016-06-06T16:47:37","slug":"ecatepec-fortalece-la-economia","status":"publish","type":"post","link":"https:\/\/foro1025.mx\/?p=1033","title":{"rendered":"Ecatepec fortalece la econom\u00eda"},"content":{"rendered":"<p>La administraci\u00f3n destinara un mill\u00f3n de pesos en obras y servicios en la Central de Abasto del municipio, para llevar diversas acciones de mejora entre las que destacan desazolve, cambio e instalaci\u00f3n de luminarias, rehabilitaci\u00f3n de pasos vehiculares, banquetas y guarniciones, as\u00ed como entrega de material para construcci\u00f3n, con el prop\u00f3sito de renovar la imagen de este centro.<\/p>\n<p>Indalecio R\u00edos Vel\u00e1zquez, presidente municipal, inform\u00f3 que este conjunto es el cuarto m\u00e1s grande en su tipo a nivel nacional y tiene una alta concurrencia de consumidores, por ello la importancia de atender las necesidades de infraestructura con la finalidad de que funcione correctamente. Donde asegur\u00f3 que el trabajo conjunto con las mesas directivas y locatarios busca brindar servicios p\u00fablicos eficientes, para todos los que concurren en este sitio.<\/p>\n<p>En la Central de Abasto de Ecatepec hay m\u00e1s de 600 locales distribuidos en nueve naves comerciales, diariamente acuden m\u00e1s de 20 mil personas de diversos municipios de la regi\u00f3n para adquirir productos como frutas, legumbres, materias primas, abarrotes, entre otros.<img loading=\"lazy\" decoding=\"async\" class=\"aligncenter size-large wp-image-1035\" src=\"https:\/\/foro1025.mx\/wp-content\/uploads\/2016\/06\/jpr-117-1024x683.jpg\" alt=\"jpr- (117)\" width=\"676\" height=\"451\" \/><\/p>\n","protected":false},"excerpt":{"rendered":"<div class=\"mh-excerpt\"><p>La administraci\u00f3n destinara un mill\u00f3n de pesos en obras y servicios en la Central de <a class=\"mh-excerpt-more\" href=\"https:\/\/foro1025.mx\/?p=1033\" title=\"Ecatepec fortalece la econom\u00eda\">&#8230;<\/a><\/p>\n<\/div>","protected":false},"author":1,"featured_media":0,"comment_status":"open","ping_status":"open","sticky":false,"template":"","format":"standard","meta":{"footnotes":""},"categories":[11],"tags":[],"class_list":{"0":"post-1033","1":"post","2":"type-post","3":"status-publish","4":"format-standard","6":"category-ecatepec"},"_links":{"self":[{"href":"https:\/\/foro1025.mx\/index.php?rest_route=\/wp\/v2\/posts\/1033","targetHints":{"allow":["GET"]}}],"collection":[{"href":"https:\/\/foro1025.mx\/index.php?rest_route=\/wp\/v2\/posts"}],"about":[{"href":"https:\/\/foro1025.mx\/index.php?rest_route=\/wp\/v2\/types\/post"}],"author":[{"embeddable":true,"href":"https:\/\/foro1025.mx\/index.php?rest_route=\/wp\/v2\/users\/1"}],"replies":[{"embeddable":true,"href":"https:\/\/foro1025.mx\/index.php?rest_route=%2Fwp%2Fv2%2Fcomments&post=1033"}],"version-history":[{"count":1,"href":"https:\/\/foro1025.mx\/index.php?rest_route=\/wp\/v2\/posts\/1033\/revisions"}],"predecessor-version":[{"id":1036,"href":"https:\/\/foro1025.mx\/index.php?rest_route=\/wp\/v2\/posts\/1033\/revisions\/1036"}],"wp:attachment":[{"href":"https:\/\/foro1025.mx\/index.php?rest_route=%2Fwp%2Fv2%2Fmedia&parent=1033"}],"wp:term":[{"taxonomy":"category","embeddable":true,"href":"https:\/\/foro1025.mx\/index.php?rest_route=%2Fwp%2Fv2%2Fcategories&post=1033"},{"taxonomy":"post_tag","embeddable":true,"href":"https:\/\/foro1025.mx\/index.php?rest_route=%2Fwp%2Fv2%2Ftags&post=1033"}],"curies":[{"name":"wp","href":"https:\/\/api.w.org\/{rel}","templated":true}]}}