{"id":10338,"date":"2020-06-30T12:11:47","date_gmt":"2020-06-30T17:11:47","guid":{"rendered":"https:\/\/foro1025.mx\/?p=10338"},"modified":"2020-06-30T12:11:47","modified_gmt":"2020-06-30T17:11:47","slug":"en-el-dia-naranja-gobierno-de-coacalco-convoca-a-la-juventud-para-erradicar-la-violencia-de-genero","status":"publish","type":"post","link":"https:\/\/foro1025.mx\/?p=10338","title":{"rendered":"En el D\u00eda Naranja, gobierno de Coacalco convoca a la juventud para erradicar la violencia de g\u00e9nero"},"content":{"rendered":"<p class=\"p1\">\n<ul class=\"ul1\">\n<li class=\"li3\"><i>Se realiz\u00f3 una pl\u00e1tica virtual<\/i> \u00abEmpoderamiento vs Violencia en voz de las y los j\u00f3venes\u00bb<\/li>\n<li class=\"li3\"><i>Mujeres coacalquenses compartieron sus experiencias de c\u00f3mo han logrado posicionarse laboralmente<\/i><\/li>\n<\/ul>\n<p class=\"p5\">Al conmemorar el D\u00eda Naranja, el Gobierno de Coacalco que preside el Alcalde Darwin Eslava, convoc\u00f3 a la juventud para que hacer conciencia del papel tan fundamental que desempe\u00f1an en la lucha para poner fin a la violencia en contra de las mujeres y ni\u00f1as.<\/p>\n<p class=\"p5\">En la pl\u00e1tica virtual \u00abEmpoderamiento vs Violencia en voz de las y los j\u00f3venes\u00bb, cerca de 100 coacalquenses participaron en esta din\u00e1mica para conocer la situaci\u00f3n que se vive no s\u00f3lo en M\u00e9xico, sino en el mundo, en el tema de igualdad de g\u00e9nero.<\/p>\n<p class=\"p5\">La titular de la Unidad de Equidad de G\u00e9nero, Georgina Chima, destac\u00f3 que, por instrucciones del Presidente Municipal, Darwin Eslava, desde el inicio de la administraci\u00f3n se busca que cada una de las pol\u00edticas p\u00fablicas gubernamentales tenga una visi\u00f3n con perspectiva de g\u00e9nero.<\/p>\n<p class=\"p5\">Destac\u00f3 la importancia de involucrar a las y los j\u00f3venes en este tipo de foros, donde adem\u00e1s de conocer los distintos tipos de violencia que hay en contra de la mujer, tambi\u00e9n fueron part\u00edcipes de la experiencia de mujeres que se han destacado en rubros como el empresarial y la pol\u00edtica.<\/p>\n<p class=\"p5\">En esta conferencia convocada por el Instituto Municipal de la Juventud en coordinaci\u00f3n con la Unidad de Igualdad de G\u00e9nero y Erradicaci\u00f3n de la violencia, particip\u00f3 Jeanette de Rosas, con la ponencia \u201cEmpoderamiento contra la violencia\u201d, donde abord\u00f3 el panorama que viven las mujeres en el mundo.<\/p>\n<p class=\"p5\">Adem\u00e1s, Andrea Saucedo, activista feminista, habl\u00f3 sobre los avances que las mujeres han logrado en M\u00e9xico, al posicionarse en varios sectores; mientras que Mar\u00eda Jos\u00e9 Romo, Cynthia del Rivero y Mar\u00eda Moramay compartieron sus experiencias de c\u00f3mo se abrieron paso en el mundo laboral.<\/p>\n","protected":false},"excerpt":{"rendered":"<div class=\"mh-excerpt\"><p>Se realiz\u00f3 una pl\u00e1tica virtual \u00abEmpoderamiento vs Violencia en voz de las y los j\u00f3venes\u00bb <a class=\"mh-excerpt-more\" href=\"https:\/\/foro1025.mx\/?p=10338\" title=\"En el D\u00eda Naranja, gobierno de Coacalco convoca a la juventud para erradicar la violencia de g\u00e9nero\">&#8230;<\/a><\/p>\n<\/div>","protected":false},"author":1,"featured_media":0,"comment_status":"closed","ping_status":"closed","sticky":false,"template":"","format":"standard","meta":{"footnotes":""},"categories":[7],"tags":[],"class_list":{"0":"post-10338","1":"post","2":"type-post","3":"status-publish","4":"format-standard","6":"category-coacalco"},"_links":{"self":[{"href":"https:\/\/foro1025.mx\/index.php?rest_route=\/wp\/v2\/posts\/10338","targetHints":{"allow":["GET"]}}],"collection":[{"href":"https:\/\/foro1025.mx\/index.php?rest_route=\/wp\/v2\/posts"}],"about":[{"href":"https:\/\/foro1025.mx\/index.php?rest_route=\/wp\/v2\/types\/post"}],"author":[{"embeddable":true,"href":"https:\/\/foro1025.mx\/index.php?rest_route=\/wp\/v2\/users\/1"}],"replies":[{"embeddable":true,"href":"https:\/\/foro1025.mx\/index.php?rest_route=%2Fwp%2Fv2%2Fcomments&post=10338"}],"version-history":[{"count":1,"href":"https:\/\/foro1025.mx\/index.php?rest_route=\/wp\/v2\/posts\/10338\/revisions"}],"predecessor-version":[{"id":10340,"href":"https:\/\/foro1025.mx\/index.php?rest_route=\/wp\/v2\/posts\/10338\/revisions\/10340"}],"wp:attachment":[{"href":"https:\/\/foro1025.mx\/index.php?rest_route=%2Fwp%2Fv2%2Fmedia&parent=10338"}],"wp:term":[{"taxonomy":"category","embeddable":true,"href":"https:\/\/foro1025.mx\/index.php?rest_route=%2Fwp%2Fv2%2Fcategories&post=10338"},{"taxonomy":"post_tag","embeddable":true,"href":"https:\/\/foro1025.mx\/index.php?rest_route=%2Fwp%2Fv2%2Ftags&post=10338"}],"curies":[{"name":"wp","href":"https:\/\/api.w.org\/{rel}","templated":true}]}}