{"id":10356,"date":"2020-06-30T12:38:38","date_gmt":"2020-06-30T17:38:38","guid":{"rendered":"https:\/\/foro1025.mx\/?p=10356"},"modified":"2020-06-30T12:38:38","modified_gmt":"2020-06-30T17:38:38","slug":"con-talleres-en-linea-gobierno-de-coacalco-impulsa-transicion-a-la-nueva-normalidad","status":"publish","type":"post","link":"https:\/\/foro1025.mx\/?p=10356","title":{"rendered":"Con talleres en l\u00ednea, gobierno de Coacalco impulsa transici\u00f3n a la nueva normalidad"},"content":{"rendered":"<p class=\"p1\">\n<ul class=\"ul1\">\n<li class=\"li3\"><i>Ayudan a la ciudadan\u00eda a asumir este cambio a trav\u00e9s del manejo de sus emociones y la capacidad de resiliencia<\/i><\/li>\n<\/ul>\n<p class=\"p4\"><b>COACALCO DE BERRIOZ\u00c1BAL.- <\/b>El Gobierno de Coacalco implementa talleres en l\u00ednea para apoyar a la ciudadan\u00eda en el manejo de sus emociones y capacidad de resiliencia durante el proceso de transici\u00f3n a la <i>Nueva Normalidad <\/i>e impulsar, de una forma profesional, el entendimiento de esta etapa social que se aproxima<i>.<\/i><\/p>\n<p class=\"p4\">Para el sector de las mujeres, en el marco del D\u00eda Naranja, el Instituto para la Defensa de los Derechos de la Mujer present\u00f3 la conferencia \u201cReactivando la Fortaleza de la Mujer en la \u2018Nueva Normalidad\u2019\u201d, en donde la especialista Lourdes Remigio asegur\u00f3 que en estas situaciones de resguardo son esenciales para visualizar y potencializar las fortalezas del sector femenino.<\/p>\n<p class=\"p4\">Para la conferencista algunas de ellas son: trascendencia, sabidur\u00eda y conocimiento, valor, humanidad, justicia y moderaci\u00f3n, y basada en este principio realiz\u00f3 una din\u00e1mica entre las participantes quienes definieron sus principales virtudes y \u00e1reas de crecimiento personal y profesional.<\/p>\n<p class=\"p4\">Con diferentes enfoques, pero con el mismo objetivo, el instituto realiz\u00f3 ya un total de ocho talleres en los que ya participaron m\u00e1s de 160 personas entre los que se encuentran personal docente, de la comunidad empresarial y ciudadan\u00eda en general.<span class=\"Apple-converted-space\">\u00a0 \u00a0<\/span><\/p>\n<p class=\"p4\">En el taller <i>\u00abCuidando mis emociones en tiempos de COVID 19\u00bb<\/i> se reunieron los Jefes de Sector y Supervisores del Departamento de Telesecundarias de los municipios de Ecatepec, Tultitl\u00e1n, Tlalnepantla, Nezahualc\u00f3yotl, Chalco, Texcoco, Valle de Toluca, Chimalhuac\u00e1n, Ixtapaluca, Villa del Carb\u00f3n, Tec\u00e1mac, Acolman, Teotihuac\u00e1n, Cuautitl\u00e1n Izcalli, Naucalpan, Tultepec, Atizap\u00e1n, Nicol\u00e1s Romero, Otumba y Coacalco.<\/p>\n<p class=\"p4\">Durante el mismo se habl\u00f3 de una serie de medidas y acciones que las y los docentes deben tomar en cuenta durante la contingencia sanitaria y al regreso de la misma; en la etapa del confinamiento las nuevas formas de impartir clases y el regreso enfocado al manejo de las emociones personales y dentro del aula.<\/p>\n<p class=\"p4\">Estas herramientas est\u00e1n enfocadas a mejorar la atenci\u00f3n en los centros de trabajo, para que, a su vez, esto se traslade al sector estudiantil, uno de los m\u00e1s afectados durante esta contingencia.<\/p>\n<p class=\"p4\">De igual forma, el instituto ofreci\u00f3 los talleres \u201cCreciendo en situaciones de crisis\u201d, \u201cDescubriendo mi potencial\u201d y \u201cReconociendo mi verdadero yo\u201d, en donde se tuvo un enfoque especial en los servicios que ofrece el sector empresarial.<\/p>\n<p class=\"p4\">El objetivo de los mismos es capacitar al personal de las empresas para brindar un mejor servicio y que estuviera capacitado para atender el manejo de emociones durante y despu\u00e9s del confinamiento por el Covid-19.<\/p>\n<p class=\"p4\">Entre los asistentes a los cursos destacan los y las integrantes del proyecto \u201cJ\u00f3venes Construyendo el futuro, personal de Grupo Graaffer, Coppel y ciudadan\u00eda en general.<\/p>\n<p class=\"p4\">Como parte de las acciones que el Gobierno de Coacalco realiza para apoyar a los diferentes sectores de la poblaci\u00f3n ante esta situaci\u00f3n in\u00e9dita, el instituto brind\u00f3 ya m\u00e1s de 36 orientaciones psicol\u00f3gicas, 45 orientaciones jur\u00eddicas, m\u00e1s de 60 atenciones psicol\u00f3gicas presenciales y m\u00e1s de 10 canalizaciones a otras instituciones.<\/p>\n<p class=\"p4\">Para mayores informes de apoyo o inscripci\u00f3n a los talleres est\u00e1 a disposici\u00f3n el n\u00famero del instituto: 55 7869 8286, adem\u00e1s<\/p>\n","protected":false},"excerpt":{"rendered":"<div class=\"mh-excerpt\"><p>Ayudan a la ciudadan\u00eda a asumir este cambio a trav\u00e9s del manejo de sus emociones <a class=\"mh-excerpt-more\" href=\"https:\/\/foro1025.mx\/?p=10356\" title=\"Con talleres en l\u00ednea, gobierno de Coacalco impulsa transici\u00f3n a la nueva normalidad\">&#8230;<\/a><\/p>\n<\/div>","protected":false},"author":1,"featured_media":0,"comment_status":"closed","ping_status":"closed","sticky":false,"template":"","format":"standard","meta":{"footnotes":""},"categories":[7],"tags":[],"class_list":{"0":"post-10356","1":"post","2":"type-post","3":"status-publish","4":"format-standard","6":"category-coacalco"},"_links":{"self":[{"href":"https:\/\/foro1025.mx\/index.php?rest_route=\/wp\/v2\/posts\/10356","targetHints":{"allow":["GET"]}}],"collection":[{"href":"https:\/\/foro1025.mx\/index.php?rest_route=\/wp\/v2\/posts"}],"about":[{"href":"https:\/\/foro1025.mx\/index.php?rest_route=\/wp\/v2\/types\/post"}],"author":[{"embeddable":true,"href":"https:\/\/foro1025.mx\/index.php?rest_route=\/wp\/v2\/users\/1"}],"replies":[{"embeddable":true,"href":"https:\/\/foro1025.mx\/index.php?rest_route=%2Fwp%2Fv2%2Fcomments&post=10356"}],"version-history":[{"count":1,"href":"https:\/\/foro1025.mx\/index.php?rest_route=\/wp\/v2\/posts\/10356\/revisions"}],"predecessor-version":[{"id":10358,"href":"https:\/\/foro1025.mx\/index.php?rest_route=\/wp\/v2\/posts\/10356\/revisions\/10358"}],"wp:attachment":[{"href":"https:\/\/foro1025.mx\/index.php?rest_route=%2Fwp%2Fv2%2Fmedia&parent=10356"}],"wp:term":[{"taxonomy":"category","embeddable":true,"href":"https:\/\/foro1025.mx\/index.php?rest_route=%2Fwp%2Fv2%2Fcategories&post=10356"},{"taxonomy":"post_tag","embeddable":true,"href":"https:\/\/foro1025.mx\/index.php?rest_route=%2Fwp%2Fv2%2Ftags&post=10356"}],"curies":[{"name":"wp","href":"https:\/\/api.w.org\/{rel}","templated":true}]}}