{"id":10378,"date":"2020-06-30T12:58:15","date_gmt":"2020-06-30T17:58:15","guid":{"rendered":"https:\/\/foro1025.mx\/?p=10378"},"modified":"2020-06-30T12:58:15","modified_gmt":"2020-06-30T17:58:15","slug":"tlalnepantla-instala-comite-naranja-para-prevenir-violencia-de-genero","status":"publish","type":"post","link":"https:\/\/foro1025.mx\/?p=10378","title":{"rendered":"Tlalnepantla instala Comit\u00e9 Naranja para prevenir violencia de g\u00e9nero"},"content":{"rendered":"<p class=\"p1\">El Gobierno de Tlalnepantla instal\u00f3 el Comit\u00e9 Naranja para coordinar los trabajos de prevenci\u00f3n y atenci\u00f3n de la violencia de g\u00e9nero en contra de mujeres y ni\u00f1as del municipio con un enfoque multidisciplinario, a trav\u00e9s de las diversas dependencias de la administraci\u00f3n.<\/p>\n<p class=\"p1\">En el marco del D\u00eda Naranja que se conmemora cada d\u00eda 25, el Comit\u00e9 llev\u00f3 a cabo su sesi\u00f3n de instalaci\u00f3n y primera sesi\u00f3n de trabajo. Est\u00e1 conformado por el Instituto Municipal para las Mujeres y la Equidad de G\u00e9nero (IMMEG), Sistema Municipal para el Desarrollo Integral de la Familia (SMDIF), Comisar\u00eda General de Seguridad P\u00fablica (CGSP), Coordinaci\u00f3n Municipal de Cultura de Paz, Coordinaci\u00f3n de Justicia Restaurativa y Defensor\u00eda Municipal de los Derechos Humanos.<\/p>\n<p class=\"p1\">El Comit\u00e9 Naranja sesionar\u00e1 el d\u00eda 25 de cada mes, en caso de que sea d\u00eda inh\u00e1bil se agendar\u00e1 de manera previa o posterior a la fecha. El IMMEG, como enlace entre el municipio y el Gobierno del Estado de M\u00e9xico de la Alerta de Violencia de G\u00e9nero, convocar\u00e1 a las sesiones de trabajo y dar\u00e1 seguimiento a los acuerdos que se generen.<\/p>\n<p class=\"p1\">En esta primera sesi\u00f3n participaron Roc\u00edo P\u00e9rez Cruz, Presidenta del Sistema Municipal DIF; Karem Santa Cruz Bret\u00f3n, titular del IMMEG; Julia Malpica Reyes, Procuradora de Protecci\u00f3n de Ni\u00f1as, Ni\u00f1os y Adolescentes del SMDIF; Rafael Chac\u00f3n Villagr\u00e1n, Director General del SMDIF; Laura Calzada Gaspar, del Centro de Desarrollo Integral para la Mujer.<\/p>\n<p class=\"p1\">Tambi\u00e9n, C\u00e9sar Dorantes Rodr\u00edguez, Comisario General de Seguridad P\u00fablica; Nayeli Yuriko L\u00f3pez Aguilera, Defensora Municipal de los Derechos Humanos; M\u00f3nica Ram\u00edrez Arrieta, Coordinadora Municipal de Cultura de Paz; Clemente Santos Mart\u00ednez, Coordinador de Justicia Restaurativa.<\/p>\n<p class=\"p1\">Durante la emergencia sanitaria por COVID-19, el Gobierno de Tlalnepantla reforz\u00f3 las acciones para atender la violencia de g\u00e9nero debido al incremento de casos a nivel nacional. Se ha apoyado a m\u00e1s de 210 mujeres con asesor\u00eda y acompa\u00f1amiento a trav\u00e9s del IMMEG y la Polic\u00eda de G\u00e9nero.<\/p>\n","protected":false},"excerpt":{"rendered":"<div class=\"mh-excerpt\"><p>El Gobierno de Tlalnepantla instal\u00f3 el Comit\u00e9 Naranja para coordinar los trabajos de prevenci\u00f3n y <a class=\"mh-excerpt-more\" href=\"https:\/\/foro1025.mx\/?p=10378\" title=\"Tlalnepantla instala Comit\u00e9 Naranja para prevenir violencia de g\u00e9nero\">&#8230;<\/a><\/p>\n<\/div>","protected":false},"author":1,"featured_media":0,"comment_status":"closed","ping_status":"closed","sticky":false,"template":"","format":"standard","meta":{"footnotes":""},"categories":[16],"tags":[],"class_list":{"0":"post-10378","1":"post","2":"type-post","3":"status-publish","4":"format-standard","6":"category-tlalnepantla"},"_links":{"self":[{"href":"https:\/\/foro1025.mx\/index.php?rest_route=\/wp\/v2\/posts\/10378","targetHints":{"allow":["GET"]}}],"collection":[{"href":"https:\/\/foro1025.mx\/index.php?rest_route=\/wp\/v2\/posts"}],"about":[{"href":"https:\/\/foro1025.mx\/index.php?rest_route=\/wp\/v2\/types\/post"}],"author":[{"embeddable":true,"href":"https:\/\/foro1025.mx\/index.php?rest_route=\/wp\/v2\/users\/1"}],"replies":[{"embeddable":true,"href":"https:\/\/foro1025.mx\/index.php?rest_route=%2Fwp%2Fv2%2Fcomments&post=10378"}],"version-history":[{"count":1,"href":"https:\/\/foro1025.mx\/index.php?rest_route=\/wp\/v2\/posts\/10378\/revisions"}],"predecessor-version":[{"id":10380,"href":"https:\/\/foro1025.mx\/index.php?rest_route=\/wp\/v2\/posts\/10378\/revisions\/10380"}],"wp:attachment":[{"href":"https:\/\/foro1025.mx\/index.php?rest_route=%2Fwp%2Fv2%2Fmedia&parent=10378"}],"wp:term":[{"taxonomy":"category","embeddable":true,"href":"https:\/\/foro1025.mx\/index.php?rest_route=%2Fwp%2Fv2%2Fcategories&post=10378"},{"taxonomy":"post_tag","embeddable":true,"href":"https:\/\/foro1025.mx\/index.php?rest_route=%2Fwp%2Fv2%2Ftags&post=10378"}],"curies":[{"name":"wp","href":"https:\/\/api.w.org\/{rel}","templated":true}]}}