{"id":10406,"date":"2020-07-03T18:30:49","date_gmt":"2020-07-03T23:30:49","guid":{"rendered":"https:\/\/foro1025.mx\/?p=10406"},"modified":"2020-07-03T18:30:49","modified_gmt":"2020-07-03T23:30:49","slug":"pensando-en-la-economia-familiar-en-el-edomex-empezaremos-a-retormar-las-actividades-alfredo-del-mazo","status":"publish","type":"post","link":"https:\/\/foro1025.mx\/?p=10406","title":{"rendered":"Pensando en la econom\u00eda familiar, en el Edom\u00e9x empezaremos a retormar las actividades: Alfredo Del Mazo"},"content":{"rendered":"<p class=\"p3\"><i>\u2022Informa Gobernador mexiquense que a partir del pr\u00f3ximo lunes 6 de julio podr\u00e1n abrir los peque\u00f1os comercios, como las papeler\u00edas, tiendas de ropa, muebler\u00edas, refaccionarias, tiendas de electr\u00f3nicos, entre otros.<\/i><\/p>\n<p class=\"p3\"><i>\u2022Anuncia que tambi\u00e9n podr\u00e1n reabrir la industria manufacturera, as\u00ed como los restaurantes, hoteles, tiendas departamentales y centros comerciales; todos ellos con un aforo m\u00e1ximo del 30 por ciento.<\/i><\/p>\n<p class=\"p3\"><i>\u2022Destaca que la poblaci\u00f3n debe mantener las medidas preventivas de sana distancia y el uso del cubrebocas.<\/i><\/p>\n<p class=\"p3\"><i>\u2022Da a conocer que el Edom\u00e9x lleva tres semanas con disminuci\u00f3n en el n\u00famero de hospitalizaciones por COVID-19, adem\u00e1s el ritmo de contagios se ha estabilizado.<\/i><\/p>\n<p class=\"p3\"><b>Toluca, Estado de M\u00e9xico, 3 de julio de 2020.<\/b> El Gobernador Alfredo Del Mazo Maza inform\u00f3 que a partir del lunes 6 de julio comenzar\u00e1n algunas actividades pensando en la econom\u00eda familiar, como la reapertura de peque\u00f1os negocios, y se iniciar\u00e1 con la preparaci\u00f3n para un regreso seguro y ordenado de \u00e9stas.<\/p>\n<p class=\"p3\">Asimismo, explic\u00f3 que en la entidad se llevan tres semanas con disminuci\u00f3n en el n\u00famero de hospitalizaciones y el ritmo de contagios por COVID-19 se ha estabilizado.<\/p>\n<p class=\"p3\">\u201cEn el Estado de M\u00e9xico estamos avanzando, llevamos tres semanas de disminuci\u00f3n en la ocupaci\u00f3n hospitalaria y se ha estabilizado el ritmo de contagios\u201d, puntualiz\u00f3.<\/p>\n<p class=\"p3\">\u201cEsta ha sido una semana de preparaci\u00f3n para el regreso a las actividades, haciendo un llamado a la responsabilidad, cuidarse uno mismo, a mantener las medidas preventivas y pensando en la econom\u00eda familiar, en el Estado de M\u00e9xico empezaremos a retomar las actividades\u201d, destac\u00f3.<\/p>\n<p class=\"p3\">\u201cA partir del pr\u00f3ximo lunes 6 de julio, podr\u00e1n abrir los peque\u00f1os comercios como las paler\u00edas, tiendas de ropa, muebler\u00edas, refaccionarias, tiendas de electr\u00f3nicos, entre otros\u201d, agreg\u00f3.<\/p>\n<p class=\"p3\">En un mensaje que emiti\u00f3 a trav\u00e9s de redes sociales, el Gobernador mexiquense detall\u00f3 que tambi\u00e9n podr\u00e1n abrir servicios personales como las est\u00e9ticas, tintorer\u00edas, talleres, locales de reparaci\u00f3n de electrodom\u00e9sticos y mantenimiento en general, la industria manufacturera, as\u00ed como los restaurantes, hoteles, tiendas departamentales y centros comerciales; todos ellos con un aforo m\u00e1ximo del 30 por ciento.<\/p>\n<p class=\"p3\">En este sentido, se\u00f1al\u00f3 la importancia de cuidar que no se generen aglomeraciones en los establecimientos, adem\u00e1s de ser responsables y seguir impulsando medidas como la sana distancia y el uso de cubrebocas, ya que lo que se haga en estos pr\u00f3ximos d\u00edas ayudar\u00e1 a prevenir el incremento en el n\u00famero de contagios y hospitalizados.<\/p>\n<p class=\"p3\">\u201cDebemos de ser muy responsables en el cuidado de la salud, y tambi\u00e9n debemos ser muy responsables en la importancia de apoyar la econom\u00eda de las familias. Por eso, en el Estado de M\u00e9xico iremos avanzando con estas acciones hacia la siguiente fase, haciendo un llamado para que todos mantengan las medidas preventivas: la sana distancia y el uso del cubrebocas\u00bb, enfatiz\u00f3.<\/p>\n<p class=\"p3\">Del Mazo Maza indic\u00f3 que desde el inicio de la pandemia en el Estado de M\u00e9xico la prioridad ha sido cuidar de la salud de la poblaci\u00f3n y atender a quienes requieran de atenci\u00f3n m\u00e9dica y hospitalizaci\u00f3n.<\/p>\n<p class=\"p3\">Por ello, dijo, se habilitaron 54 hospitales COVID, se ampli\u00f3 la capacidad hospitalaria, se contrataron m\u00e1s m\u00e9dicos y enfermeras, adem\u00e1s de equipar espacios como auditorios o centros de convenciones como lugares para poder recibir a pacientes.<\/p>\n<p class=\"p3\">Destac\u00f3 que gracias a los esfuerzos que han hecho los mexiquenses para seguir las medidas preventivas, la curva de casos positivos por COVID-19 y<span class=\"Apple-converted-space\">\u00a0 <\/span>el n\u00famero de hospitalizados ha disminuido.<\/p>\n<p class=\"p3\">Sostuvo que de no haber hecho caso a las recomendaciones sanitarias, para finales del mes de mayo, la entidad no hubiera contado con las camas suficientes para atender a todos los pacientes.<\/p>\n<p class=\"p3\">Sin embargo, resultado de impulsar y seguir las medidas sanitarias, la etapa de la pandemia fue en la segunda semana de junio y actualmente existe una tendencia a disminuir.<\/p>\n<p class=\"p3\">El mandatario estatal tambi\u00e9n apunt\u00f3 que por la colindancia con la Ciudad de M\u00e9xico, se ha trabajado de manera coordinada con las autoridades capitalinas, para empatar el regreso a las actividades.<\/p>\n","protected":false},"excerpt":{"rendered":"<div class=\"mh-excerpt\"><p>\u2022Informa Gobernador mexiquense que a partir del pr\u00f3ximo lunes 6 de julio podr\u00e1n abrir los <a class=\"mh-excerpt-more\" href=\"https:\/\/foro1025.mx\/?p=10406\" title=\"Pensando en la econom\u00eda familiar, en el Edom\u00e9x empezaremos a retormar las actividades: Alfredo Del Mazo\">&#8230;<\/a><\/p>\n<\/div>","protected":false},"author":1,"featured_media":0,"comment_status":"closed","ping_status":"closed","sticky":false,"template":"","format":"standard","meta":{"footnotes":""},"categories":[13,39],"tags":[],"class_list":{"0":"post-10406","1":"post","2":"type-post","3":"status-publish","4":"format-standard","6":"category-estado-de-mexico","7":"category-principales"},"_links":{"self":[{"href":"https:\/\/foro1025.mx\/index.php?rest_route=\/wp\/v2\/posts\/10406","targetHints":{"allow":["GET"]}}],"collection":[{"href":"https:\/\/foro1025.mx\/index.php?rest_route=\/wp\/v2\/posts"}],"about":[{"href":"https:\/\/foro1025.mx\/index.php?rest_route=\/wp\/v2\/types\/post"}],"author":[{"embeddable":true,"href":"https:\/\/foro1025.mx\/index.php?rest_route=\/wp\/v2\/users\/1"}],"replies":[{"embeddable":true,"href":"https:\/\/foro1025.mx\/index.php?rest_route=%2Fwp%2Fv2%2Fcomments&post=10406"}],"version-history":[{"count":1,"href":"https:\/\/foro1025.mx\/index.php?rest_route=\/wp\/v2\/posts\/10406\/revisions"}],"predecessor-version":[{"id":10408,"href":"https:\/\/foro1025.mx\/index.php?rest_route=\/wp\/v2\/posts\/10406\/revisions\/10408"}],"wp:attachment":[{"href":"https:\/\/foro1025.mx\/index.php?rest_route=%2Fwp%2Fv2%2Fmedia&parent=10406"}],"wp:term":[{"taxonomy":"category","embeddable":true,"href":"https:\/\/foro1025.mx\/index.php?rest_route=%2Fwp%2Fv2%2Fcategories&post=10406"},{"taxonomy":"post_tag","embeddable":true,"href":"https:\/\/foro1025.mx\/index.php?rest_route=%2Fwp%2Fv2%2Ftags&post=10406"}],"curies":[{"name":"wp","href":"https:\/\/api.w.org\/{rel}","templated":true}]}}