{"id":10418,"date":"2020-07-06T13:08:30","date_gmt":"2020-07-06T18:08:30","guid":{"rendered":"https:\/\/foro1025.mx\/?p=10418"},"modified":"2020-07-06T13:08:30","modified_gmt":"2020-07-06T18:08:30","slug":"sesiona-de-manera-virtual-la-comision-de-preservacion-y-restauracion-del-medio-ambiente","status":"publish","type":"post","link":"https:\/\/foro1025.mx\/?p=10418","title":{"rendered":"Sesiona de manera virtual la comisi\u00f3n de preservaci\u00f3n y restauraci\u00f3n del medio ambiente"},"content":{"rendered":"<div class=\"page\" title=\"Page 1\">\n<div class=\"layoutArea\">\n<div class=\"column\">\n<p>Con el objetivo de definir estrategias de proteccio\u0301n al medio ambiente que responda a la \u201cnueva normalidad\u201d, se llevo\u0301 a cabo la primera sesio\u0301n ordinaria de la Comisio\u0301n de Preservacio\u0301n y Restauracio\u0301n del Medio Ambiente del Consejo Consultivo para el Fortalecimiento Econo\u0301mico Municipal, mediante la plataforma virtual \u201cZoom\u201d.<\/p>\n<p>Hugo Ga\u0301mez Cuautzi\u0301n, presidente de la Comisio\u0301n y tambie\u0301n del Centro de Ingenieri\u0301a y Desarrollo Industrial (CIDESI) sede Estado de Me\u0301xico, destaco\u0301 la importancia de implementar campan\u0303as de concientizacio\u0301n ciudadana en la separacio\u0301n de residuos generados durante la pandemia.<\/p>\n<p>La Direccio\u0301n de Medio Ambiente que encabeza Gabriel Saavedra Rami\u0301rez, informo\u0301 que esta\u0301n en puerta dos campan\u0303as que buscan crear conciencia en la poblacio\u0301n sobre el tratamiento final de los residuos utilizados en el tratamiento de COVID-19, entre ellos el desecho de cubrebocas y evitar su reutilizacio\u0301n, y por otra parte, la proteccio\u0301n de los mantos acui\u0301feros, accio\u0301n que se trabajara\u0301 coordinadamente con los municipios de Nicola\u0301s Romero y Atizapa\u0301n de Zaragoza.<\/p>\n<p>Agrego\u0301 Saavedra Rami\u0301rez que, derivado de la pandemia, el medio ambiente se vio favorecido por la reduccio\u0301n del uso de combustibles, por lo que recomendo\u0301 seguir concientizando a la poblacio\u0301n a hacer uso racional de hidrocarburos.<\/p>\n<p>El encargado municipal del programa Jo\u0301venes Construyendo el Futuro, Juan Jose\u0301 A\u0301ngel informo\u0301 que se busca incorporar a becarios para la reactivacio\u0301n econo\u0301mica. Agrego\u0301 que de acuerdo a la \u201cnueva normalidad\u201d, muchas empresas tuvieron que prescindir de los servicios de los trabajadores, por lo que dicho programa busca brindar a las empresas un descanso econo\u0301mico, ya que, al ser federal, el gobierno absorbe los honorarios de los becarios, asi\u0301 como las cuotas al seguro social.<\/p>\n<\/div>\n<\/div>\n<\/div>\n<div class=\"page\" title=\"Page 2\">\n<div class=\"layoutArea\">\n<div class=\"column\">\n<p>A la reunio\u0301n virtual asistieron Vi\u0301ctor Capilla, director de Promocio\u0301n Econo\u0301mica; Alfonso Figueroa, de O \u0301Donell Me\u0301xico; Rigoberto Otal, Vicepresidente de Coparmex; las regidoras Claudia Adela Bravo Langle y Guadalupe Rivera y Santiago; asi\u0301 como Eduardo Ayala Vela\u0301zquez, director de Limpia, entre otros.<\/p>\n<\/div>\n<\/div>\n<\/div>\n","protected":false},"excerpt":{"rendered":"<div class=\"mh-excerpt\"><p>Con el objetivo de definir estrategias de proteccio\u0301n al medio ambiente que responda a la <a class=\"mh-excerpt-more\" href=\"https:\/\/foro1025.mx\/?p=10418\" title=\"Sesiona de manera virtual la comisi\u00f3n de preservaci\u00f3n y restauraci\u00f3n del medio ambiente\">&#8230;<\/a><\/p>\n<\/div>","protected":false},"author":1,"featured_media":0,"comment_status":"closed","ping_status":"closed","sticky":false,"template":"","format":"standard","meta":{"footnotes":""},"categories":[29],"tags":[],"class_list":{"0":"post-10418","1":"post","2":"type-post","3":"status-publish","4":"format-standard","6":"category-cuautitlan-izcalli"},"_links":{"self":[{"href":"https:\/\/foro1025.mx\/index.php?rest_route=\/wp\/v2\/posts\/10418","targetHints":{"allow":["GET"]}}],"collection":[{"href":"https:\/\/foro1025.mx\/index.php?rest_route=\/wp\/v2\/posts"}],"about":[{"href":"https:\/\/foro1025.mx\/index.php?rest_route=\/wp\/v2\/types\/post"}],"author":[{"embeddable":true,"href":"https:\/\/foro1025.mx\/index.php?rest_route=\/wp\/v2\/users\/1"}],"replies":[{"embeddable":true,"href":"https:\/\/foro1025.mx\/index.php?rest_route=%2Fwp%2Fv2%2Fcomments&post=10418"}],"version-history":[{"count":1,"href":"https:\/\/foro1025.mx\/index.php?rest_route=\/wp\/v2\/posts\/10418\/revisions"}],"predecessor-version":[{"id":10420,"href":"https:\/\/foro1025.mx\/index.php?rest_route=\/wp\/v2\/posts\/10418\/revisions\/10420"}],"wp:attachment":[{"href":"https:\/\/foro1025.mx\/index.php?rest_route=%2Fwp%2Fv2%2Fmedia&parent=10418"}],"wp:term":[{"taxonomy":"category","embeddable":true,"href":"https:\/\/foro1025.mx\/index.php?rest_route=%2Fwp%2Fv2%2Fcategories&post=10418"},{"taxonomy":"post_tag","embeddable":true,"href":"https:\/\/foro1025.mx\/index.php?rest_route=%2Fwp%2Fv2%2Ftags&post=10418"}],"curies":[{"name":"wp","href":"https:\/\/api.w.org\/{rel}","templated":true}]}}