{"id":10477,"date":"2020-07-07T17:35:40","date_gmt":"2020-07-07T22:35:40","guid":{"rendered":"https:\/\/foro1025.mx\/?p=10477"},"modified":"2020-07-07T17:35:40","modified_gmt":"2020-07-07T22:35:40","slug":"gobierno-de-coacalco-continua-apostandole-a-la-educacion","status":"publish","type":"post","link":"https:\/\/foro1025.mx\/?p=10477","title":{"rendered":"Gobierno de Coacalco contin\u00faa apost\u00e1ndole a la educaci\u00f3n"},"content":{"rendered":"<ul>\n<li><i>Este a\u00f1o se mejorar\u00e1 la infraestructura de m\u00e1s de 30 planteles educativos<\/i><\/li>\n<\/ul>\n<ul class=\"ul1\">\n<li class=\"li3\"><i>Mejoramiento de sanitarios, bardas perimetrales y construcci\u00f3n de techados, entre las obras a ejecutarse <\/i><\/li>\n<\/ul>\n<p class=\"p5\">Para garantizar mejores condiciones en la infraestructura educativa del municipio, el Gobierno de Coacalco que preside el Alcalde Darwin Eslava, contin\u00faa apost\u00e1ndole a la educaci\u00f3n, a trav\u00e9s de la ejecuci\u00f3n de distintas obras en escuelas de la localidad.<\/p>\n<p class=\"p5\">Como parte del Plan Anual de Obras P\u00fablicas 2020, m\u00e1s de 30 planteles de nivel b\u00e1sico ser\u00e1n beneficiados con distintas acciones para mejorar su infraestructura y procurar la calidad educativa en beneficio de las y los alumnos.<\/p>\n<p class=\"p5\">Entre las obras que se realizar\u00e1n con recursos del Fondo de Infraestructura Social Municipal y Demarcaciones Territoriales del Distrito Federal, destaca el mejoramiento de sanitarios en los jard\u00edn de ni\u00f1os \u201cFrancisco Bulnes\u201d, \u201cLeona Vicario\u201d, \u201cDoroteo Arango Ar\u00e1mbula\u201d, \u201cEstado de M\u00e9xico\u201d y \u201cAnexo a la Normal de Coacalco\u201d.<\/p>\n<p class=\"p5\">Dichas mejoras tambi\u00e9n se efectuar\u00e1n en la primarias \u201cGabriela Mistral\u201d, \u201cIgnacio Manuel Altamirano\u201d, \u201cNi\u00f1os H\u00e9roes\u201d, \u201cCoatcalli\u201d, \u201cRicardo Flores Mag\u00f3n\u201d, \u201cFelipe Carrillo Puerto\u201d y \u201cAdolfo L\u00f3pez Mateos\u201d.<\/p>\n<p class=\"p5\">Y las secundarias favorecidas con estos trabajos son: \u201cJaime Sabines\u201d, Narciso Bassols\u201d, la T\u00e9cnica Federalizada No. 161 \u201cV\u00edctor Bravo Ahuja\u201d y la Oficial No. 0869 \u201cDaniel Delgadillo\u201d.<\/p>\n<p class=\"p5\">Como parte de este presupuesto tambi\u00e9n se mejorar\u00e1n las bardas perimetrales de tres instituciones de preescolar, cuatro primarias y tres secundarias.<\/p>\n<p class=\"p5\">Aunado a estos trabajos, se construir\u00e1n techados en \u00e1reas de impartici\u00f3n de educaci\u00f3n f\u00edsica en el jard\u00edn de ni\u00f1os \u201cJos\u00e9 Clemente Orozco\u201d, y en las primarias \u201cJusticia y Libertad\u201d, \u201cRam\u00f3n L\u00f3pez Velarde\u201d y \u201cNarciso Mendoza\u201d.<\/p>\n<p class=\"p5\">Otras escuelas contempladas para la construcci\u00f3n de arcotechos son: \u201cEnrique Pestalozzi\u201d y \u201cRosario Castellanos\u201d, adem\u00e1s de la secundaria t\u00e9cnica No. 15 \u201cJes\u00fas Reyes Heroles\u201d.<\/p>\n<p class=\"p5\">De esta manera, el Gobierno Coacalco reitera su compromiso con la formaci\u00f3n integral de ni\u00f1os y adolescentes, a trav\u00e9s del acceso a una educaci\u00f3n de calidad.<\/p>\n","protected":false},"excerpt":{"rendered":"<div class=\"mh-excerpt\"><p>Este a\u00f1o se mejorar\u00e1 la infraestructura de m\u00e1s de 30 planteles educativos Mejoramiento de sanitarios, <a class=\"mh-excerpt-more\" href=\"https:\/\/foro1025.mx\/?p=10477\" title=\"Gobierno de Coacalco contin\u00faa apost\u00e1ndole a la educaci\u00f3n\">&#8230;<\/a><\/p>\n<\/div>","protected":false},"author":1,"featured_media":0,"comment_status":"closed","ping_status":"closed","sticky":false,"template":"","format":"standard","meta":{"footnotes":""},"categories":[7],"tags":[],"class_list":{"0":"post-10477","1":"post","2":"type-post","3":"status-publish","4":"format-standard","6":"category-coacalco"},"_links":{"self":[{"href":"https:\/\/foro1025.mx\/index.php?rest_route=\/wp\/v2\/posts\/10477","targetHints":{"allow":["GET"]}}],"collection":[{"href":"https:\/\/foro1025.mx\/index.php?rest_route=\/wp\/v2\/posts"}],"about":[{"href":"https:\/\/foro1025.mx\/index.php?rest_route=\/wp\/v2\/types\/post"}],"author":[{"embeddable":true,"href":"https:\/\/foro1025.mx\/index.php?rest_route=\/wp\/v2\/users\/1"}],"replies":[{"embeddable":true,"href":"https:\/\/foro1025.mx\/index.php?rest_route=%2Fwp%2Fv2%2Fcomments&post=10477"}],"version-history":[{"count":1,"href":"https:\/\/foro1025.mx\/index.php?rest_route=\/wp\/v2\/posts\/10477\/revisions"}],"predecessor-version":[{"id":10479,"href":"https:\/\/foro1025.mx\/index.php?rest_route=\/wp\/v2\/posts\/10477\/revisions\/10479"}],"wp:attachment":[{"href":"https:\/\/foro1025.mx\/index.php?rest_route=%2Fwp%2Fv2%2Fmedia&parent=10477"}],"wp:term":[{"taxonomy":"category","embeddable":true,"href":"https:\/\/foro1025.mx\/index.php?rest_route=%2Fwp%2Fv2%2Fcategories&post=10477"},{"taxonomy":"post_tag","embeddable":true,"href":"https:\/\/foro1025.mx\/index.php?rest_route=%2Fwp%2Fv2%2Ftags&post=10477"}],"curies":[{"name":"wp","href":"https:\/\/api.w.org\/{rel}","templated":true}]}}