{"id":10491,"date":"2020-07-07T17:43:32","date_gmt":"2020-07-07T22:43:32","guid":{"rendered":"https:\/\/foro1025.mx\/?p=10491"},"modified":"2020-07-07T17:44:11","modified_gmt":"2020-07-07T22:44:11","slug":"despliega-difem-operativos-para-atender-infantes-y-adultos-mayores-en-vulnerabilidad","status":"publish","type":"post","link":"https:\/\/foro1025.mx\/?p=10491","title":{"rendered":"Despliega DIFEM operativos para atender infantes y adultos mayores en vulnerabilidad"},"content":{"rendered":"<p class=\"p5\"><i>\u2022 Integra DIFEM equipos especializados para apoyar y proteger a poblaci\u00f3n vulnerable, en 20 municipios de los Valles de M\u00e9xico y Toluca.<\/i><\/p>\n<p class=\"p5\"><i>\u2022 Sensibiliza organismo a familiares y cuidadores de ni\u00f1as, ni\u00f1os, adolescentes y personas de la tercera edad para resguardarlos en casa, sobre todo durante contingencia por COVID-19.<\/i><\/p>\n<p class=\"p5\"><i>\u2022 Brindan DIF estatal y municipales, informaci\u00f3n del virus SARS-CoV-2, gel antibacterial, canastas alimentarias, art\u00edculos de primera necesidad, apoyos funcionales y seguimiento a sus necesidades.<\/i><\/p>\n<p class=\"p5\"><b>Naucalpan, Estado de M\u00e9xico.- <\/b>A fin de contener el trabajo que realizan las ni\u00f1as, ni\u00f1os, adolescentes y personas adultas mayores en las calles,<span class=\"Apple-converted-space\">\u00a0 <\/span>el DIF Estado de M\u00e9xico, que preside Fernanda Castillo de Del Mazo, despliega operativos en cruceros y v\u00edas p\u00fablicas de 20 municipios mexiquenses considerados con mayores \u00edndices de trabajo informal.<\/p>\n<p class=\"p5\">En este sentido, Miguel \u00c1ngel Torres Cabello, Director General del DIFEM, inform\u00f3 que el principal objetivo en este momento, es alejar a estos sectores de los riesgos que implica el COVID-19, ante los altos \u00edndices de contagio de esta pandemia que a\u00fan registran en la entidad mexiquense, y por consiguiente, abatir los peligros que conllevan estas actividades y que vulneran su integridad.<\/p>\n<p class=\"p5\">En este sentido, indic\u00f3 que el organismo conform\u00f3 equipos especializados de atenci\u00f3n para detectar, apoyar y proteger a este sector, estos grupos est\u00e1n conformados por personal de la Procuradur\u00eda de Protecci\u00f3n de Ni\u00f1as, Ni\u00f1os y Adolescentes, Coordinaci\u00f3n de Atenci\u00f3n a Adultos Mayores, Direcci\u00f3n de Enlace y Vinculaci\u00f3n Regional, as\u00ed como de Sistemas Municipales DIF, quienes visitaron los puntos donde se reporta este problema.<\/p>\n<p class=\"p5\">De esta manera, equipos integrados por m\u00e9dicos, psic\u00f3logos, abogados, trabajadores sociales, promotores de adultos mayores, coordinadores regionales, entre otros, establecen mecanismos para entablar de primera mano, pl\u00e1ticas informativas acerca del COVID-19, brindan gel antibacterial y cubrebocas, adem\u00e1s sensibilizan a familiares y cuidadores de estos sectores sobre la importancia de mantenerlos en casa.<\/p>\n<p class=\"p5\">Aunado a esto, Torres Cabello se\u00f1al\u00f3 que como parte de estas acciones primordiales de atenci\u00f3n, se verifica su entorno familiar y social para determinar<span class=\"Apple-converted-space\">\u00a0 <\/span>las causas que los llevan realizar actividades en las calles, se revisa su estado f\u00edsico, nutricional, familiar y econ\u00f3mico.<\/p>\n<p class=\"p5\">Para tal efecto, dijo, el organismo<span class=\"Apple-converted-space\">\u00a0 <\/span>est\u00e1 distribuyendo<span class=\"Apple-converted-space\">\u00a0 <\/span>entre esta poblaci\u00f3n, canastas alimentarias, pa\u00f1ales y dem\u00e1s art\u00edculos de primera necesidad.<\/p>\n<p class=\"p5\">Asimismo, se\u00f1al\u00f3 que se llevar\u00e1 a cabo un seguimiento a trav\u00e9s de los grupos multidisciplinarios de estos sectores, a fin de otorgarles, tras una valoraci\u00f3n, apoyos funcionales como sillas de ruedas, bastones, andaderas y dem\u00e1s aparatos, y canalizarlos a los programas de asistencia que ofrece el Gobierno mexiquense, encabezado por Alfredo Del Mazo.<\/p>\n<p class=\"p5\">El funcionario estatal puntualiz\u00f3 que derivado de este primer contacto, se continuar\u00e1 estableciendo una comunicaci\u00f3n con familiares de estos infantes y personas de la tercera edad, para que los vigilen y les brinden la asistencia que les corresponde, o de lo contrario, el organismo tomar\u00e1 otras medidas para su protecci\u00f3n mediante el inicio de una carpeta de investigaci\u00f3n y en casos extraordinarios de ni\u00f1as, ni\u00f1os y adolescentes<span class=\"Apple-converted-space\">\u00a0 <\/span>y de ser necesario, asume su tutela.<\/p>\n<p class=\"p5\">Gracias a este trabajo coordinado entre dependencias estatales y municipales, se\u00f1al\u00f3 Miguel Torres, se desalientan las actividades en detrimento de grupos sensibles de la poblaci\u00f3n, y por el contrario se vigilan, promueven y garantizan sus derechos humanos.<\/p>\n<p class=\"p5\">El Director del DIFEM se\u00f1al\u00f3 que, con este objetivo, estos operativos se est\u00e1n intensificando en 20 municipios, de los cuales, 15 corresponden al Valle de M\u00e9xico como son Naucalpan, Cuautitl\u00e1n, Cuautitl\u00e1n Izcalli, Atizap\u00e1n de Zaragoza, Tlalnepantla, Ecatepec, Coacalco, Melchor Ocampo, Zumpango, Nicol\u00e1s Romero, Chimalhuac\u00e1n, Nezahualc\u00f3yotl, Texcoco, Valle de Chalco y Chalco, y cinco m\u00e1s corresponden a la zona conurbada a la capital mexiquense tales como Toluca, Metepec, San Mateo Atenco, Lerma y Zinacantepec.<\/p>\n<p class=\"p5\">Reiter\u00f3 que por instrucciones del Gobernador Alfredo Del Mazo y su esposa, Fernanda Castillo de Del Mazo, Presidenta Honoraria del DIFEM, se fortalecen estos trabajos de atenci\u00f3n a las necesidades de la poblaci\u00f3n vulnerable.<\/p>\n<p class=\"p5\">Para tal efecto, el organismo recibe reportes de maltrato, violencia, extrav\u00edo y\/o abandono de personas adultas mayores de manera an\u00f3nima y gratuita, en los n\u00fameros telef\u00f3nicos 089 o 070 para Toluca y 800-696-9696 para el resto de la entidad.<\/p>\n<p class=\"p5\">En tanto que los reportes relacionados con infantes, pueden realizarse en la Procuradur\u00eda de Protecci\u00f3n de Ni\u00f1as, Ni\u00f1os y Adolescentes Estatal ubicada en la calle Andr\u00e9s Quintana Roo S\/N esq. Solidaridad las Torres, Col. Villa Hogar, Toluca, Estado de M\u00e9xico, v\u00eda telef\u00f3nica al 722-227-4705 en las extensiones 107 y 108.<\/p>\n<p class=\"p5\">Adem\u00e1s, el DIFEM tambi\u00e9n pone a su disposici\u00f3n las redes sociales para Facebook @DIFedomex y Twitter @DIFEM_<\/p>\n","protected":false},"excerpt":{"rendered":"<div class=\"mh-excerpt\"><p>\u2022 Integra DIFEM equipos especializados para apoyar y proteger a poblaci\u00f3n vulnerable, en 20 municipios <a class=\"mh-excerpt-more\" href=\"https:\/\/foro1025.mx\/?p=10491\" title=\"Despliega DIFEM operativos para atender infantes y adultos mayores en vulnerabilidad\">&#8230;<\/a><\/p>\n<\/div>","protected":false},"author":1,"featured_media":0,"comment_status":"closed","ping_status":"closed","sticky":false,"template":"","format":"standard","meta":{"footnotes":""},"categories":[13],"tags":[],"class_list":{"0":"post-10491","1":"post","2":"type-post","3":"status-publish","4":"format-standard","6":"category-estado-de-mexico"},"_links":{"self":[{"href":"https:\/\/foro1025.mx\/index.php?rest_route=\/wp\/v2\/posts\/10491","targetHints":{"allow":["GET"]}}],"collection":[{"href":"https:\/\/foro1025.mx\/index.php?rest_route=\/wp\/v2\/posts"}],"about":[{"href":"https:\/\/foro1025.mx\/index.php?rest_route=\/wp\/v2\/types\/post"}],"author":[{"embeddable":true,"href":"https:\/\/foro1025.mx\/index.php?rest_route=\/wp\/v2\/users\/1"}],"replies":[{"embeddable":true,"href":"https:\/\/foro1025.mx\/index.php?rest_route=%2Fwp%2Fv2%2Fcomments&post=10491"}],"version-history":[{"count":2,"href":"https:\/\/foro1025.mx\/index.php?rest_route=\/wp\/v2\/posts\/10491\/revisions"}],"predecessor-version":[{"id":10494,"href":"https:\/\/foro1025.mx\/index.php?rest_route=\/wp\/v2\/posts\/10491\/revisions\/10494"}],"wp:attachment":[{"href":"https:\/\/foro1025.mx\/index.php?rest_route=%2Fwp%2Fv2%2Fmedia&parent=10491"}],"wp:term":[{"taxonomy":"category","embeddable":true,"href":"https:\/\/foro1025.mx\/index.php?rest_route=%2Fwp%2Fv2%2Fcategories&post=10491"},{"taxonomy":"post_tag","embeddable":true,"href":"https:\/\/foro1025.mx\/index.php?rest_route=%2Fwp%2Fv2%2Ftags&post=10491"}],"curies":[{"name":"wp","href":"https:\/\/api.w.org\/{rel}","templated":true}]}}