{"id":10503,"date":"2020-07-10T18:48:37","date_gmt":"2020-07-10T23:48:37","guid":{"rendered":"https:\/\/foro1025.mx\/?p=10503"},"modified":"2020-07-10T18:49:17","modified_gmt":"2020-07-10T23:49:17","slug":"en-edomex-se-trabaja-para-mantener-el-equilibrio-entre-el-cuidado-a-la-salud-y-reactivacion-economica-alfredo-del-mazo","status":"publish","type":"post","link":"https:\/\/foro1025.mx\/?p=10503","title":{"rendered":"En Edom\u00e9x se trabaja para mantener el equilibrio entre el cuidado a la salud y reactivaci\u00f3n econ\u00f3mica: Alfredo Del Mazo"},"content":{"rendered":"<p class=\"p5\"><i>\u2022 Afirma que su administraci\u00f3n seguir\u00e1 apoyando a la econom\u00eda familiar, a trav\u00e9s de programas sociales, econ\u00f3micos y est\u00edmulos que impulsen a los peque\u00f1os negocios y que protejan al empleo.<\/i><\/p>\n<p class=\"p5\"><i>\u2022 Explica que en los pr\u00f3ximos d\u00edas continuar\u00e1 la apertura de peque\u00f1os comercios y exhorta a los comerciantes a implementar las medidas correspondientes para que no se presenten aglomeraciones y se respeten las medidas sanitarias de prevenci\u00f3n.<\/i><\/p>\n<p class=\"p5\"><i>\u2022 Informa Gobernador que la capacidad hospitalaria del sector salud estatal se encuentra al 55 por ciento, y que el ritmo de contagios se ha estabilizado en el Edom\u00e9x.<\/i><\/p>\n<p class=\"p5\"><i>\u2022 Recalca que para tener un retorno seguro a las actividades, es necesaria la solidaridad de todos y continuar con medidas como el uso de cubrebocas y la sana distancia.<\/i><\/p>\n<p class=\"p5\"><b>Toluca, Estado de M\u00e9xico, 10 de julio de 2020.<\/b> El Gobernador Alfredo Del Mazo Maza asegur\u00f3 que la administraci\u00f3n estatal trabaja para mantener el equilibrio entre el cuidado de la salud y la reactivaci\u00f3n econ\u00f3mica en el Estado de M\u00e9xico.<\/p>\n<p class=\"p5\">Asimismo, afirm\u00f3 que el Gobierno del estado seguir\u00e1 apoyando a la econom\u00eda familiar, a trav\u00e9s de programas sociales, econ\u00f3micos y est\u00edmulos que impulsen a los peque\u00f1os negocios y que protejan al empleo.<\/p>\n<p class=\"p5\">\u201cEstamos trabajando para mantener un equilibrio entre las medidas de prevenci\u00f3n y las actividades econ\u00f3micas, porque as\u00ed como es de importante cuidar la salud, tambi\u00e9n es muy importante cuidar la econom\u00eda de las familias; apoyando a los peque\u00f1os negocios protegemos el empleo\u201d, recalc\u00f3.<\/p>\n<p class=\"p5\">En un mensaje a trav\u00e9s de redes sociales, Del Mazo Maza consider\u00f3 que apoyar a los peque\u00f1os negocios es algo que protege el empleo, ya que<span class=\"Apple-converted-space\">\u00a0 <\/span>este tipo de comercios son los que generan la mayor\u00eda de las fuentes de trabajo en el estado.<\/p>\n<p class=\"p5\">Explic\u00f3 que en los pr\u00f3ximos d\u00edas continuar\u00e1 la apertura de comercios, como muebler\u00edas, papeler\u00edas, tiendas de ropa, refaccionarias, est\u00e9ticas, tintorer\u00edas, talleres y<span class=\"Apple-converted-space\">\u00a0 <\/span>locales de reparaci\u00f3n y mantenimiento.<\/p>\n<p class=\"p5\">Mientras que en lo referente a la industria manufacturera, restaurantes, hoteles, tiendas departamentales y centros comerciales, subray\u00f3 que hoy en d\u00eda deben operar cuidando que el aforo m\u00e1ximo sea de 30 por ciento.<\/p>\n<p class=\"p5\">Alfredo Del Mazo inst\u00f3 a los comerciantes, locatarios, emprendedoras y emprendedores mexiquenses a implementar las medidas correspondientes para que en sus establecimientos no se presenten aglomeraciones y se respeten las medidas sanitarias preventivas.<\/p>\n<p class=\"p5\">Tambi\u00e9n inform\u00f3 que el ritmo de contagios y de enfermos hospitalizados por COVID-19 contin\u00faa a la baja en el Estado de M\u00e9xico, y subray\u00f3 que la capacidad del sector salud estatal se encuentra al 55 por ciento, adem\u00e1s de que las autoridades contin\u00faan fortaleciendo las acciones para atender a todo aquel que lo requiera.<\/p>\n<p class=\"p5\">\u201cEn el Estado de M\u00e9xico seguimos avanzando, gracias al esfuerzo de todos se ha logrado estabilizar el n\u00famero de contagios y sigue a la baja la hospitalizaci\u00f3n. Hoy nuestra ocupaci\u00f3n hospitalaria es del 55 por ciento y seguimos fortaleciendo nuestro sistema de salud para poder apoyar a quienes requieren atenci\u00f3n m\u00e9dica.<\/p>\n<p class=\"p5\">\u201cEs muy importante seguir con las medidas de prevenci\u00f3n para evitar que el ritmo de contagios crezca\u201d, enfatiz\u00f3.<\/p>\n<p class=\"p5\">Agreg\u00f3 que, para garantizar un retorno seguro a las actividades, es necesaria la solidaridad y la responsabilidad de todos, y exhort\u00f3 a la sociedad a redoblar los esfuerzos en el cuidado de la salud y no bajar la guardia en este momento ni en las fases por venir.<\/p>\n<p class=\"p5\">\u201cEstamos regresando a las actividades y es importante redoblar esfuerzos para cuidar la salud y no bajar la guardia. Debemos evitar los contagios y la mejor manera de hacerlo es mantener la sana distancia y seguir usando el cubrebocas, el uso del cubrebocas nos va a ayudar much\u00edsimo en todas las etapas que vienen hacia adelante\u201d, indic\u00f3.<\/p>\n<p class=\"p5\">El mandatario estatal asever\u00f3 que debido al v\u00ednculo permanente en la actividad econ\u00f3mica y laboral, as\u00ed como en la movilidad, el plan de regreso a las labores del Edom\u00e9x se desarrolla en coordinaci\u00f3n con las autoridades de la Ciudad de M\u00e9xico.<\/p>\n","protected":false},"excerpt":{"rendered":"<div class=\"mh-excerpt\"><p>\u2022 Afirma que su administraci\u00f3n seguir\u00e1 apoyando a la econom\u00eda familiar, a trav\u00e9s de programas <a class=\"mh-excerpt-more\" href=\"https:\/\/foro1025.mx\/?p=10503\" title=\"En Edom\u00e9x se trabaja para mantener el equilibrio entre el cuidado a la salud y reactivaci\u00f3n econ\u00f3mica: Alfredo Del Mazo\">&#8230;<\/a><\/p>\n<\/div>","protected":false},"author":1,"featured_media":0,"comment_status":"closed","ping_status":"closed","sticky":false,"template":"","format":"standard","meta":{"footnotes":""},"categories":[13,39],"tags":[],"class_list":{"0":"post-10503","1":"post","2":"type-post","3":"status-publish","4":"format-standard","6":"category-estado-de-mexico","7":"category-principales"},"_links":{"self":[{"href":"https:\/\/foro1025.mx\/index.php?rest_route=\/wp\/v2\/posts\/10503","targetHints":{"allow":["GET"]}}],"collection":[{"href":"https:\/\/foro1025.mx\/index.php?rest_route=\/wp\/v2\/posts"}],"about":[{"href":"https:\/\/foro1025.mx\/index.php?rest_route=\/wp\/v2\/types\/post"}],"author":[{"embeddable":true,"href":"https:\/\/foro1025.mx\/index.php?rest_route=\/wp\/v2\/users\/1"}],"replies":[{"embeddable":true,"href":"https:\/\/foro1025.mx\/index.php?rest_route=%2Fwp%2Fv2%2Fcomments&post=10503"}],"version-history":[{"count":2,"href":"https:\/\/foro1025.mx\/index.php?rest_route=\/wp\/v2\/posts\/10503\/revisions"}],"predecessor-version":[{"id":10506,"href":"https:\/\/foro1025.mx\/index.php?rest_route=\/wp\/v2\/posts\/10503\/revisions\/10506"}],"wp:attachment":[{"href":"https:\/\/foro1025.mx\/index.php?rest_route=%2Fwp%2Fv2%2Fmedia&parent=10503"}],"wp:term":[{"taxonomy":"category","embeddable":true,"href":"https:\/\/foro1025.mx\/index.php?rest_route=%2Fwp%2Fv2%2Fcategories&post=10503"},{"taxonomy":"post_tag","embeddable":true,"href":"https:\/\/foro1025.mx\/index.php?rest_route=%2Fwp%2Fv2%2Ftags&post=10503"}],"curies":[{"name":"wp","href":"https:\/\/api.w.org\/{rel}","templated":true}]}}