{"id":10544,"date":"2020-07-13T23:36:22","date_gmt":"2020-07-14T04:36:22","guid":{"rendered":"https:\/\/foro1025.mx\/?p=10544"},"modified":"2020-07-13T23:36:22","modified_gmt":"2020-07-14T04:36:22","slug":"gobierno-de-coacalco-continua-con-capacitaciones-rumbo-a-la-nueva-normalidad","status":"publish","type":"post","link":"https:\/\/foro1025.mx\/?p=10544","title":{"rendered":"Gobierno de Coacalco contin\u00faa con capacitaciones rumbo a la nueva normalidad"},"content":{"rendered":"<p class=\"p1\">\n<ul class=\"ul1\">\n<li class=\"li3\"><i>El gobierno local fortalece alianzas que garanticen un regreso seguro a la actividad comercial<\/i><\/li>\n<li class=\"li3\"><i>Se capacita a emprendedores y micro empresarios para que cumplan los lineamientos que establecen las autoridades<\/i><\/li>\n<\/ul>\n<p class=\"p5\">El Gobierno de Coacalco que preside el Alcalde Darwin Eslava, contin\u00faa impulsando alianzas para que el sector econ\u00f3mico est\u00e9 preparado para el regreso a las actividades y cumpla los lineamientos que establece la nueva normalidad.<\/p>\n<p class=\"p5\">Muestra de ello son los distintos talleres virtuales que se imparten de manera peri\u00f3dica a emprendedores, micro y medianos empresarios, con el objetivo de que en cuanto las autoridades de salud indiquen, se reanuden las actividades de manera segura para la poblaci\u00f3n.<\/p>\n<p class=\"p5\">Como parte de estas alianzas se realizaron los talleres <i>\u00ab10 pasos para elaborar tus protocolos sanitarios y reactivar tu empresa\u00bb<\/i> y <i>\u00abPrep\u00e1rate para la nueva normalidad. Controla tus ventas, vende y cobra a distancia\u00bb<\/i>, en los que los participantes tuvieron la oportunidad de aclarar sus dudas respecto a las medidas que deber\u00e1n tomar cuando reabran sus negocios.<\/p>\n<p class=\"p5\">En estos cursos, la direcci\u00f3n de Desarrollo Econ\u00f3mico reiter\u00f3 el compromiso que el Alcalde Darwin Eslava tiene con el sector comercial, de ah\u00ed que se contin\u00faen generando los espacios para capacitar a los emprendedores y micro empresarios, y que est\u00e9n preparados para cuando as\u00ed lo establezca el sem\u00e1foro epidemiol\u00f3gico.<\/p>\n<p class=\"p5\">La dependencia municipal refiri\u00f3 que en la medida de lo posible se seguir\u00e1n abriendo estos talleres para que los participantes aclaren sus dudas y que la apertura comercial se realice de manera ordenada para garantizar la salud y seguridad de la poblaci\u00f3n.<\/p>\n","protected":false},"excerpt":{"rendered":"<div class=\"mh-excerpt\"><p>El gobierno local fortalece alianzas que garanticen un regreso seguro a la actividad comercial Se <a class=\"mh-excerpt-more\" href=\"https:\/\/foro1025.mx\/?p=10544\" title=\"Gobierno de Coacalco contin\u00faa con capacitaciones rumbo a la nueva normalidad\">&#8230;<\/a><\/p>\n<\/div>","protected":false},"author":1,"featured_media":0,"comment_status":"closed","ping_status":"closed","sticky":false,"template":"","format":"standard","meta":{"footnotes":""},"categories":[7],"tags":[],"class_list":{"0":"post-10544","1":"post","2":"type-post","3":"status-publish","4":"format-standard","6":"category-coacalco"},"_links":{"self":[{"href":"https:\/\/foro1025.mx\/index.php?rest_route=\/wp\/v2\/posts\/10544","targetHints":{"allow":["GET"]}}],"collection":[{"href":"https:\/\/foro1025.mx\/index.php?rest_route=\/wp\/v2\/posts"}],"about":[{"href":"https:\/\/foro1025.mx\/index.php?rest_route=\/wp\/v2\/types\/post"}],"author":[{"embeddable":true,"href":"https:\/\/foro1025.mx\/index.php?rest_route=\/wp\/v2\/users\/1"}],"replies":[{"embeddable":true,"href":"https:\/\/foro1025.mx\/index.php?rest_route=%2Fwp%2Fv2%2Fcomments&post=10544"}],"version-history":[{"count":1,"href":"https:\/\/foro1025.mx\/index.php?rest_route=\/wp\/v2\/posts\/10544\/revisions"}],"predecessor-version":[{"id":10546,"href":"https:\/\/foro1025.mx\/index.php?rest_route=\/wp\/v2\/posts\/10544\/revisions\/10546"}],"wp:attachment":[{"href":"https:\/\/foro1025.mx\/index.php?rest_route=%2Fwp%2Fv2%2Fmedia&parent=10544"}],"wp:term":[{"taxonomy":"category","embeddable":true,"href":"https:\/\/foro1025.mx\/index.php?rest_route=%2Fwp%2Fv2%2Fcategories&post=10544"},{"taxonomy":"post_tag","embeddable":true,"href":"https:\/\/foro1025.mx\/index.php?rest_route=%2Fwp%2Fv2%2Ftags&post=10544"}],"curies":[{"name":"wp","href":"https:\/\/api.w.org\/{rel}","templated":true}]}}