{"id":10553,"date":"2020-07-13T23:42:00","date_gmt":"2020-07-14T04:42:00","guid":{"rendered":"https:\/\/foro1025.mx\/?p=10553"},"modified":"2020-07-13T23:43:04","modified_gmt":"2020-07-14T04:43:04","slug":"10553","status":"publish","type":"post","link":"https:\/\/foro1025.mx\/?p=10553","title":{"rendered":"Con el gobierno del Bicentenario, avanzamos a recuperar la grandeza de Nicol\u00e1s Romero: Armando Navarrete L\u00f3pez"},"content":{"rendered":"<p class=\"p1\"><b>Por primera vez en la historia del municipio, se present\u00f3 p\u00fablicamente el acta constitutiva del ayuntamiento de Monte Bajo<\/b><\/p>\n<p class=\"p1\">En un ambiente festivo y de desbordada alegr\u00eda, al encabezar la tercera sesi\u00f3n solemne de cabildo, con motivo de los 200 a\u00f1os de fundaci\u00f3n de este municipio, que tuvo lugar el 2 de julio de 1820, el alcalde Armando Navarrete L\u00f3pez, asegur\u00f3 que el tiempo de la demarcaci\u00f3n transcurre en un escenario de transformaci\u00f3n, asociado a la din\u00e1mica nacional y afirm\u00f3 que \u201csomos uno de los epicentros que mueven al pa\u00eds hacia la Cuarta Transformaci\u00f3n de su historia, una localidad de mexicanos<span class=\"Apple-converted-space\">\u00a0 <\/span>sin adjetivos, con el firme compromiso de construir juntos el cambio, recuperando la grandeza de nuestro amado Nicol\u00e1s Romero\u201d.<\/p>\n<p class=\"p1\">En su mensaje, el edil destac\u00f3 que \u201cestamos en el camino a materializar el cambio verdadero que propusimos, traducido en servicios, bienes, desarrollo y oportunidades para todas y todos, porque as\u00ed honramos a las mujeres y hombres que hicieron posible la constituci\u00f3n del ayuntamiento de Monte Bajo\u201d.<\/p>\n<p class=\"p1\">Tras expresar el orgullo y honor que representa que en el contexto de su mandato coincida en tiempo con tan relevante acontecimiento hist\u00f3rico, donde el cabildo nombr\u00f3 este a\u00f1o 2020, como el del bicentenario, Armando Navarrete dijo que 200 a\u00f1os despu\u00e9s, las razones para construir<span class=\"Apple-converted-space\">\u00a0 <\/span>y seguir construyendo, son fortalecer la identidad y reconocer las tradiciones, costumbres<span class=\"Apple-converted-space\">\u00a0 <\/span>e historia, fortaleza, as\u00ed como origen de Nicol\u00e1s Romero, pero tambi\u00e9n que todos los d\u00edas \u201chay que trabajar por un municipio en el que todos cabemos, sin odios, sin rencores y sin distinciones, porque mirando hacia el futuro, estamos avanzando juntos, por ello, conmemoramos con orgullo y emoci\u00f3n este bicentenario\u201d.<\/p>\n<p class=\"p1\">\u201cEjercemos un gobierno joven, con mucha energ\u00eda y por ello, nos esforzamos en transformar con una nueva forma de hacer las cosas, con el manejo transparente de los recursos materiales y humanos\u201d, precis\u00f3.<\/p>\n<p class=\"p1\">Posterior a la sesi\u00f3n solemne realizada en el sal\u00f3n bicentenario de Palacio Municipal, el presidente municipal y su cabildo, se trasladaron a la explanada del edificio de gobierno, donde se realiz\u00f3 un espect\u00e1culo de video mapeo, proyect\u00e1ndose im\u00e1genes sobre el edificio gubernamental, alusivas a los or\u00edgenes y evoluci\u00f3n hist\u00f3rica de Nicol\u00e1s Romero, lo que incluy\u00f3 el manejo de rayos l\u00e1ser que ambientaron esa presentaci\u00f3n, para luego dar paso a una lluvia de fuegos artificiales que inundaron el espacio de la plaza p\u00fablica principal de la demarcaci\u00f3n, todo ello, en un esfuerzo que no implic\u00f3 costo alguno para las arcas locales, ya que se llev\u00f3 a cabo con la generosidad y trabajo de los servidores p\u00fablicos del ayuntamiento, mismo que disfrut\u00f3 la ciudadan\u00eda, al ser transmitido en directo por las redes sociales oficiales.<\/p>\n<p class=\"p1\">El mun\u00edcipe inform\u00f3 que el festejo del bicentenario representa tambi\u00e9n el banderazo de salida, para pr\u00f3ximamente acudir a las comunidades, a las que se llevar\u00e1n espect\u00e1culos de este tipo, adem\u00e1s de pel\u00edculas y de que se retomar\u00e1 el tema de los auto cinemas, se realizar\u00e1n actividades culturales \u201cpara que los nicol\u00e1sromerenses vengan, en esta nueva normalidad, con sana distancia y continuemos teniendo acceso a la cultura y el entretenimiento\u201d.<\/p>\n<p class=\"p1\">\u201cEsto demuestra lo que dec\u00eda Albert Einstein, que algo m\u00e1s poderoso que el odio, que cualquier energ\u00eda, que la infamia, la mentira, la calumnia, por mucho que les arda a los que les arde, es que no hay mayor fuerza que la voluntad humana y cuando sumamos las voluntades, no importa c\u00f3mo le hagan esas personas negativas, porque vamos a avanzar y seguiremos caminando\u201d, manifest\u00f3 categ\u00f3rico.<\/p>\n<p class=\"p1\">\u201cSomos el gobierno del bicentenario, lo que es un enorme orgullo, por lo que nos corresponde como gobierno, honrar lo que tantas personas durante estos 200 a\u00f1os han construido y que disfrutamos ahora, ya que el 2 de julio de 1820 tuvo lugar la constituci\u00f3n del ayuntamiento de Monte Bajo, un a\u00f1o antes de la consumaci\u00f3n de nuestra independencia nacional, uni\u00e9ndose los cuatro pueblos de origen prehisp\u00e1nico.<\/p>\n<p class=\"p1\">Al mismo tiempo, anunci\u00f3 que de aqu\u00ed a que termine 2020, se llevar\u00e1n a cabo <b>las obras y acciones del bicentenario<\/b>, entre otras, los cinco proyectos que Sedatu ya realiza para apoyar a las comunidades m\u00e1s marginadas, la consolidaci\u00f3n del sistema de gesti\u00f3n de carriles Road Zipper y del programa para respaldar a las mujeres que sufren la violencia de g\u00e9nero, Puerta Violeta, el fortalecimiento de los trabajos de sanitizaci\u00f3n, con el fin de prevenir contagios de coronavirus, el plan de becas para un mejor acceso a la educaci\u00f3n y un regreso seguro a clases.<\/p>\n<p class=\"p1\">Previamente, el cronista local Gilberto Vargas Arana, entreg\u00f3 en la tercera sesi\u00f3n solemne al alcalde Armando Navarrete, el acta constitutiva del ayuntamiento de Monte Bajo, as\u00ed como copias certificadas por el Archivo General de la Naci\u00f3n al cabildo, present\u00e1ndose por primera vez de manera p\u00fablica en la historia de Nicol\u00e1s Romero, tan importante documento que da fe de la erecci\u00f3n del municipio.<\/p>\n","protected":false},"excerpt":{"rendered":"<div class=\"mh-excerpt\"><p>Por primera vez en la historia del municipio, se present\u00f3 p\u00fablicamente el acta constitutiva del <a class=\"mh-excerpt-more\" href=\"https:\/\/foro1025.mx\/?p=10553\" title=\"Con el gobierno del Bicentenario, avanzamos a recuperar la grandeza de Nicol\u00e1s Romero: Armando Navarrete L\u00f3pez\">&#8230;<\/a><\/p>\n<\/div>","protected":false},"author":1,"featured_media":0,"comment_status":"closed","ping_status":"closed","sticky":false,"template":"","format":"standard","meta":{"footnotes":""},"categories":[19],"tags":[],"class_list":{"0":"post-10553","1":"post","2":"type-post","3":"status-publish","4":"format-standard","6":"category-nicolas-romero"},"_links":{"self":[{"href":"https:\/\/foro1025.mx\/index.php?rest_route=\/wp\/v2\/posts\/10553","targetHints":{"allow":["GET"]}}],"collection":[{"href":"https:\/\/foro1025.mx\/index.php?rest_route=\/wp\/v2\/posts"}],"about":[{"href":"https:\/\/foro1025.mx\/index.php?rest_route=\/wp\/v2\/types\/post"}],"author":[{"embeddable":true,"href":"https:\/\/foro1025.mx\/index.php?rest_route=\/wp\/v2\/users\/1"}],"replies":[{"embeddable":true,"href":"https:\/\/foro1025.mx\/index.php?rest_route=%2Fwp%2Fv2%2Fcomments&post=10553"}],"version-history":[{"count":3,"href":"https:\/\/foro1025.mx\/index.php?rest_route=\/wp\/v2\/posts\/10553\/revisions"}],"predecessor-version":[{"id":10557,"href":"https:\/\/foro1025.mx\/index.php?rest_route=\/wp\/v2\/posts\/10553\/revisions\/10557"}],"wp:attachment":[{"href":"https:\/\/foro1025.mx\/index.php?rest_route=%2Fwp%2Fv2%2Fmedia&parent=10553"}],"wp:term":[{"taxonomy":"category","embeddable":true,"href":"https:\/\/foro1025.mx\/index.php?rest_route=%2Fwp%2Fv2%2Fcategories&post=10553"},{"taxonomy":"post_tag","embeddable":true,"href":"https:\/\/foro1025.mx\/index.php?rest_route=%2Fwp%2Fv2%2Ftags&post=10553"}],"curies":[{"name":"wp","href":"https:\/\/api.w.org\/{rel}","templated":true}]}}