{"id":10568,"date":"2020-07-14T13:00:32","date_gmt":"2020-07-14T18:00:32","guid":{"rendered":"https:\/\/foro1025.mx\/?p=10568"},"modified":"2020-07-14T13:00:48","modified_gmt":"2020-07-14T18:00:48","slug":"con-apoyo-de-empresarios-saldremos-fortalecidos-de-la-pandemia-patricia-duran","status":"publish","type":"post","link":"https:\/\/foro1025.mx\/?p=10568","title":{"rendered":"Con apoyo de empresarios, saldremos fortalecidos de la Pandemia: Patricia Dur\u00e1n"},"content":{"rendered":"<p>La Presidenta Municipal, Patricia Dur\u00e1n Reveles, firm\u00f3 un acuerdo de reactivaci\u00f3n econ\u00f3mica con 25 representantes de c\u00e1maras empresariales, con quienes se trabaja para un regreso ordenado y seguro a las actividades que se vieron impactadas por la pandemia de Covid-19.<br \/>\n\u00abEstoy segura de que vamos a salir adelante, fuertes, unidos, vincul\u00e1ndonos con quien lo tengamos que hacer para que podamos diversificar nuestras empresas y nuestros negocios\u00bb, afirm\u00f3 la Alcaldesa en el encuentro celebrado en el Parque Naucalli.<br \/>\nSe\u00f1al\u00f3 que el acuerdo permitir\u00e1 la simplificaci\u00f3n de tr\u00e1mites, la atracci\u00f3n de inversiones y el fortalecimiento de los mecanismos de exportaci\u00f3n de productos locales. Asimismo, se refuerza la coordinaci\u00f3n con municipios de la entidad, como Ecatepec, cuyo presidente municipal, Fernando Vilchis, atestigu\u00f3 la firma.<br \/>\nDur\u00e1n Reveles enfatiz\u00f3 que Naucalpan y Ecatepec generan en conjunto cerca del 30 por ciento del PIB del Estado de M\u00e9xico.<br \/>\n\u201cLo que m\u00e1s impacta en el bienestar de la gente es lo que hagamos en la calle, lo que trabajemos en nuestra empresa, lo que hagamos en nuestras c\u00e1maras para fortalecer a las empresas, para facilitarles ese v\u00ednculo con los gobiernos, que somos quienes debemos ayudarles a que se desarrollen.<br \/>\n\u201cVan a tener ese apoyo, vamos a generar los v\u00ednculos que sean necesarios para vender todo lo que producimos, todo lo que fabricamos aqu\u00ed en Naucalpan, en otros estados y en otros pa\u00edses\u201d, asegur\u00f3 Dur\u00e1n Reveles.<br \/>\nEl Secretario de Desarrollo Econ\u00f3mico municipal, Alfredo Vinalay Mora, manifest\u00f3 que el acuerdo incentiva la recuperaci\u00f3n econ\u00f3mica a corto y mediano plazo, la vinculaci\u00f3n de diversas c\u00e1maras empresariales, adem\u00e1s de la recuperaci\u00f3n de los sectores productivos para generar fuentes de empleo.<br \/>\n\u00abEl compromiso de este convenio es mutuo. Bajo las condiciones cr\u00edticas en las que nos encontramos, nos comprometemos a iniciar las actividades, respetando en todo momento lo establecido en los lineamientos t\u00e9cnicos espec\u00edficos para la reapertura de las actividades econ\u00f3micas y evitar la propagaci\u00f3n de la Covid-19\u00bb, asever\u00f3.<br \/>\nPor su parte, Laura Gonz\u00e1lez Hern\u00e1ndez, del Consejo Coordinador Empresarial del Estado de M\u00e9xico (CCEM) y quien asisti\u00f3 en representaci\u00f3n del CCE nacional, detac\u00f3 la cercan\u00eda de la Mun\u00edcipe con el sector empresarial.<br \/>\n\u00abHa sido una Alcaldesa muy cercana al sector empresarial, de las principales promotoras de la inversi\u00f3n y el empleo no solo del Estado, sino del pa\u00eds por todo lo que representa Naucalpan.<br \/>\n\u201cEs un honor estar de nuevo en el Municipio que representa la principal econom\u00eda del Estado de M\u00e9xico. Sepa que el sector industrial del pa\u00eds tiene muy en cuenta a Naucalpan como un municipio que sigue generando oportunidades para la inversi\u00f3n y para el empleo\u201d, dijo.<br \/>\n\u00abQuiero comentarle a la Presidenta Municipal que la mayor parte de la planta productiva de trabajadores es de Naucalpan, ya comenzamos la recontrataci\u00f3n y, afortunadamente, estamos contratando m\u00e1s personas. Al abrir la unidad econ\u00f3mica nos encontramos con nuevas reglas y nuevas normalidades que tenemos que cumplir\u201d, coment\u00f3 Eduardo Haddad L\u00f3pez, de la C\u00e1mara Nacional Empresarial A.C.<br \/>\n*ANUNCIAN CREACI\u00d3N DE MIL 500 EMPLEOS*<br \/>\nLa Alcaldesa Patricia Dur\u00e1n se\u00f1al\u00f3 que en el corto plazo se generar\u00e1n mil 500 nuevos empleos en Naucalpan, proyecto que anunciar\u00e1 en breve.<br \/>\n\u00abYa tengo compromiso y el acuerdo con dos plantas, las m\u00e1s grandes de Naucalpan, para tener su ampliaci\u00f3n aqu\u00ed, en dos diferentes parques industriales que tenemos.<br \/>\n\u00abVan a estar generando alrededor de mil 500 nuevos empleos entre estas dos plantas \u00ab, coment\u00f3.<br \/>\nEstos son los organismos empresariales que firmaron el acuerdo:<br \/>\nConfederaci\u00f3n Patronal de la Rep\u00fablica Mexicana (Coparmex Metropolitano)<br \/>\nC\u00e1mara Nacional de la Industria de Restaurantes y Alimentos Condimentados (Canirac)<br \/>\nC\u00e1mara Nacional de la Industria de Transformaci\u00f3n (Canacintra)<br \/>\nConsejo Coordinador Empresarial Estado de M\u00e9xico (CCE)<br \/>\nAsociaci\u00f3n de Mujeres Jefas de Empresa A.C. (Ammje)<br \/>\nConfederaci\u00f3n de Organizaciones Tur\u00edsticas de Am\u00e9rica Latina<br \/>\nConsejo de C\u00e1maras y Asociaciones Empresariales del Estado De M\u00e9xico (Concaem)<br \/>\nAsociaci\u00f3n de Bares y Restaurantes (Asbar)<br \/>\nIndustriales Mx<br \/>\nAsociaci\u00f3n de Hoteles y Moteles Ixtapan de la Sal<br \/>\nCoordinaci\u00f3n de Organizaciones para el Mejoramiento del Transporte de Estado de M\u00e9xico A.C. (Comtem)<br \/>\nC\u00e1mara Nacional Empresarial A.C. (Canae A.C.)<br \/>\nAsociaci\u00f3n de Empresarios y Ciudadanos del Estado de M\u00e9xico Delegaci\u00f3n Naucalpan<br \/>\nC\u00e1mara Nacional de la Industria de Desarrollo y Promoci\u00f3n de Vivienda (Canadevi)<br \/>\nC\u00e1mara Nacional de Transporte de Carga (Canacar)<br \/>\nAsociaci\u00f3n Nacional de Importadores y Exportadores de la Rep\u00fablica Mexicana A.C.<br \/>\nAsociaci\u00f3n de Empresas y Ciudades Hermanas A.C. (Aechac)<br \/>\nC\u00e1mara Mexicana de la Industria del Embellecimiento F\u00edsico (Camief)<br \/>\nAsociaci\u00f3n Mexicana de Profesionales Inmobiliarios A.C. (Ampi)<br \/>\nAsociaci\u00f3n de Distribuidores de Autom\u00f3viles del Estado de M\u00e9xico A.C<br \/>\nConsejo Patronal del Estado de M\u00e9xico<br \/>\nAsociaci\u00f3n de Empresarios y Colonos de Parque Industrial Naucalpan A.C.<\/p>\n","protected":false},"excerpt":{"rendered":"<div class=\"mh-excerpt\"><p>La Presidenta Municipal, Patricia Dur\u00e1n Reveles, firm\u00f3 un acuerdo de reactivaci\u00f3n econ\u00f3mica con 25 representantes <a class=\"mh-excerpt-more\" href=\"https:\/\/foro1025.mx\/?p=10568\" title=\"Con apoyo de empresarios, saldremos fortalecidos de la Pandemia: Patricia Dur\u00e1n\">&#8230;<\/a><\/p>\n<\/div>","protected":false},"author":1,"featured_media":0,"comment_status":"closed","ping_status":"closed","sticky":false,"template":"","format":"standard","meta":{"footnotes":""},"categories":[8],"tags":[],"class_list":{"0":"post-10568","1":"post","2":"type-post","3":"status-publish","4":"format-standard","6":"category-naucalpan"},"_links":{"self":[{"href":"https:\/\/foro1025.mx\/index.php?rest_route=\/wp\/v2\/posts\/10568","targetHints":{"allow":["GET"]}}],"collection":[{"href":"https:\/\/foro1025.mx\/index.php?rest_route=\/wp\/v2\/posts"}],"about":[{"href":"https:\/\/foro1025.mx\/index.php?rest_route=\/wp\/v2\/types\/post"}],"author":[{"embeddable":true,"href":"https:\/\/foro1025.mx\/index.php?rest_route=\/wp\/v2\/users\/1"}],"replies":[{"embeddable":true,"href":"https:\/\/foro1025.mx\/index.php?rest_route=%2Fwp%2Fv2%2Fcomments&post=10568"}],"version-history":[{"count":3,"href":"https:\/\/foro1025.mx\/index.php?rest_route=\/wp\/v2\/posts\/10568\/revisions"}],"predecessor-version":[{"id":10572,"href":"https:\/\/foro1025.mx\/index.php?rest_route=\/wp\/v2\/posts\/10568\/revisions\/10572"}],"wp:attachment":[{"href":"https:\/\/foro1025.mx\/index.php?rest_route=%2Fwp%2Fv2%2Fmedia&parent=10568"}],"wp:term":[{"taxonomy":"category","embeddable":true,"href":"https:\/\/foro1025.mx\/index.php?rest_route=%2Fwp%2Fv2%2Fcategories&post=10568"},{"taxonomy":"post_tag","embeddable":true,"href":"https:\/\/foro1025.mx\/index.php?rest_route=%2Fwp%2Fv2%2Ftags&post=10568"}],"curies":[{"name":"wp","href":"https:\/\/api.w.org\/{rel}","templated":true}]}}