{"id":10592,"date":"2020-07-16T17:56:02","date_gmt":"2020-07-16T22:56:02","guid":{"rendered":"https:\/\/foro1025.mx\/?p=10592"},"modified":"2020-07-16T17:59:24","modified_gmt":"2020-07-16T22:59:24","slug":"recuperacion-del-deportivo-villa-de-las-flores-muestra-de-nuestro-combate-a-la-corrupcion-darwin-eslava","status":"publish","type":"post","link":"https:\/\/foro1025.mx\/?p=10592","title":{"rendered":"Recuperaci\u00f3n del deportivo Villa de las Flores, muestra de nuestro combate a la corrupci\u00f3n: Darwin Eslava"},"content":{"rendered":"<ul>\n<li><i>Al tomar posesi\u00f3n de dicho espacio, el Alcalde anunci\u00f3 la culminaci\u00f3n del juicio a favor de la ciudadan\u00eda<\/i><\/li>\n<\/ul>\n<ul class=\"ul1\">\n<li class=\"li3\"><i>En breve iniciar\u00e1n los trabajos de rehabilitaci\u00f3n, para que la ciudadan\u00eda coacalquense vuelva hacer uso de este emblem\u00e1tico lugar <\/i><\/li>\n<\/ul>\n<p class=\"p5\"><b>COACALCO DE BERRIOZ\u00c1BAL.- <\/b>El Presidente Municipal, Darwin Eslava, anunci\u00f3 la recuperaci\u00f3n del deportivo Villa de las Flores, espacio que durante m\u00e1s de cinco a\u00f1os permaneci\u00f3 cerrado y abandonado, y que ahora ser\u00e1 rehabilitado para beneficio de la ciudadan\u00eda coacalquense.<\/p>\n<p class=\"p5\">\u201cHace dos a\u00f1os aqu\u00ed se inici\u00f3 el sue\u00f1o de una campa\u00f1a electoral para cambiar el rumbo<span class=\"Apple-converted-space\">\u00a0 <\/span>y destino de nuestro municipio, afortunadamente regresamos con<span class=\"Apple-converted-space\">\u00a0 <\/span>buenas noticias y con nuestra palabra cumplida.<\/p>\n<p><img loading=\"lazy\" decoding=\"async\" class=\"aligncenter size-large wp-image-10596\" src=\"https:\/\/foro1025.mx\/wp-content\/uploads\/2020\/07\/DeportivoVilla-2-1024x682.jpeg\" alt=\"\" width=\"1024\" height=\"682\" \/><\/p>\n<p class=\"p5\">\u201cEs de resaltar que todo esto que se ha hecho en la administraci\u00f3n, es porque estamos seguros que nos debemos a la ciudadan\u00eda y que nuestro combate a la corrupci\u00f3n es la manera m\u00e1s franca de agradecerle la confianza que nos otorg\u00f3\u201d, indic\u00f3 el Alcalde durante una transmisi\u00f3n en vivo en sus redes sociales.<\/p>\n<p class=\"p5\">El 6 de julio de 2015, el entonces Alcalde, David S\u00e1nchez Isidoro, otorg\u00f3 mediante contrato el uso y aprovechamiento del inmueble de propiedad municipal conocido como Deportivo Villa de las Flores a la empresa Xico Por la Salud y la Educaci\u00f3n S.A. por un plazo de 25 a\u00f1os.<\/p>\n<p class=\"p5\">Sin embargo, la rehabilitaci\u00f3n que anunci\u00f3 S\u00e1nchez Isidoro, a trav\u00e9s de este convenio, nunca se realiz\u00f3 y, en cambio, las instalaciones fueron derrumbadas y cerradas en detrimento del esparcimiento y calidad de vida de las y los coacalquenses.<img loading=\"lazy\" decoding=\"async\" class=\"aligncenter size-large wp-image-10597\" src=\"https:\/\/foro1025.mx\/wp-content\/uploads\/2020\/07\/DeportivoVilla-3-1024x682.jpeg\" alt=\"\" width=\"1024\" height=\"682\" \/><\/p>\n<p class=\"p5\">De esta forma, las instalaciones del deportivo permanecieron cerradas durante cinco a\u00f1os y al iniciar la actual administraci\u00f3n se dio un puntual seguimiento a la totalidad de juicios, siendo desde el orden administrativo, amparo y amparo en revisi\u00f3n, logrando a inicios de 2020 entablar pl\u00e1ticas conciliatorias con la citada empresa derivando en un convenio de desocupaci\u00f3n y entrega de inmueble por parte de Xico Por la Salud y la Educaci\u00f3n S.A. en beneficio del municipio.<\/p>\n<p class=\"p5\">Darwin Eslava anunci\u00f3 que con la posesi\u00f3n del deportivo por parte del gobierno local, en breve iniciar\u00e1n los trabajos de rehabilitaci\u00f3n integral de este lugar que fue abandonado y que ahora vuelve a ser de la ciudadan\u00eda.<img loading=\"lazy\" decoding=\"async\" class=\"aligncenter size-large wp-image-10599\" src=\"https:\/\/foro1025.mx\/wp-content\/uploads\/2020\/07\/DeportivoVilla-9-1024x682.jpeg\" alt=\"\" width=\"1024\" height=\"682\" \/><\/p>\n<p class=\"p5\">Record\u00f3 que desde 2015 ning\u00fan ciudadano ni funcionario p\u00fablico hab\u00eda podido pisar dicho deportivo por el tema jur\u00eddico ya descrito, mismo que fue heredado a la presente Administraci\u00f3n y que hoy se resolvi\u00f3 a favor de la ciudadan\u00eda coacalquense.<\/p>\n<p class=\"p5\">Entre los anuncios realizados por el Alcalde, destaca que el deportivo Villa de las Flores mantendr\u00e1 un enfoque social para que toda las y los coacalquenses puedan hacer uso del mismo y se prev\u00e9 que se tenga alberca, canchas de futbol y pista para correr.<\/p>\n","protected":false},"excerpt":{"rendered":"<div class=\"mh-excerpt\"><p>Al tomar posesi\u00f3n de dicho espacio, el Alcalde anunci\u00f3 la culminaci\u00f3n del juicio a favor <a class=\"mh-excerpt-more\" href=\"https:\/\/foro1025.mx\/?p=10592\" title=\"Recuperaci\u00f3n del deportivo Villa de las Flores, muestra de nuestro combate a la corrupci\u00f3n: Darwin Eslava\">&#8230;<\/a><\/p>\n<\/div>","protected":false},"author":1,"featured_media":0,"comment_status":"closed","ping_status":"closed","sticky":false,"template":"","format":"standard","meta":{"footnotes":""},"categories":[7],"tags":[],"class_list":{"0":"post-10592","1":"post","2":"type-post","3":"status-publish","4":"format-standard","6":"category-coacalco"},"_links":{"self":[{"href":"https:\/\/foro1025.mx\/index.php?rest_route=\/wp\/v2\/posts\/10592","targetHints":{"allow":["GET"]}}],"collection":[{"href":"https:\/\/foro1025.mx\/index.php?rest_route=\/wp\/v2\/posts"}],"about":[{"href":"https:\/\/foro1025.mx\/index.php?rest_route=\/wp\/v2\/types\/post"}],"author":[{"embeddable":true,"href":"https:\/\/foro1025.mx\/index.php?rest_route=\/wp\/v2\/users\/1"}],"replies":[{"embeddable":true,"href":"https:\/\/foro1025.mx\/index.php?rest_route=%2Fwp%2Fv2%2Fcomments&post=10592"}],"version-history":[{"count":3,"href":"https:\/\/foro1025.mx\/index.php?rest_route=\/wp\/v2\/posts\/10592\/revisions"}],"predecessor-version":[{"id":10600,"href":"https:\/\/foro1025.mx\/index.php?rest_route=\/wp\/v2\/posts\/10592\/revisions\/10600"}],"wp:attachment":[{"href":"https:\/\/foro1025.mx\/index.php?rest_route=%2Fwp%2Fv2%2Fmedia&parent=10592"}],"wp:term":[{"taxonomy":"category","embeddable":true,"href":"https:\/\/foro1025.mx\/index.php?rest_route=%2Fwp%2Fv2%2Fcategories&post=10592"},{"taxonomy":"post_tag","embeddable":true,"href":"https:\/\/foro1025.mx\/index.php?rest_route=%2Fwp%2Fv2%2Ftags&post=10592"}],"curies":[{"name":"wp","href":"https:\/\/api.w.org\/{rel}","templated":true}]}}