{"id":10624,"date":"2020-07-23T11:50:20","date_gmt":"2020-07-23T16:50:20","guid":{"rendered":"https:\/\/foro1025.mx\/?p=10624"},"modified":"2020-07-23T11:50:20","modified_gmt":"2020-07-23T16:50:20","slug":"linea-iv-del-mexibus-sera-el-primer-transporte-articulado-metropolitano-del-valle-de-mexico-alfredo-del-mazo","status":"publish","type":"post","link":"https:\/\/foro1025.mx\/?p=10624","title":{"rendered":"L\u00ednea IV del Mexib\u00fas ser\u00e1 el primer transporte articulado metropolitano del Valle de M\u00e9xico: Alfredo Del Mazo"},"content":{"rendered":"<p class=\"p5\"><i>\u2022Subraya Gobernador mexiquense que la L\u00ednea del Mexib\u00fas IV beneficiar\u00e1 en la econom\u00eda y en la reducci\u00f3n de tiempos de traslado de m\u00e1s de 2 millones de personas del Valle de M\u00e9xico.<\/i><\/p>\n<p class=\"p5\"><i>\u2022Se\u00f1ala que este sistema de transporte contar\u00e1 con sistema de monitoreo y videovigilancia y recorrer\u00e1 Tec\u00e1mac, Ecatepec, Tlalnepantla y la estaci\u00f3n del metro Indios Verdes en la Ciudad de M\u00e9xico. <\/i><\/p>\n<p class=\"p5\"><i>\u2022Supervisa obra de la Terminal Universidad Mexiquense del Bicentenario del Mexib\u00fas IV.<\/i><\/p>\n<p class=\"p5\"><b>Tec\u00e1mac, Estado de M\u00e9xico.- <\/b>El Gobernador Alfredo Del Mazo Maza inform\u00f3 que la construcci\u00f3n de la L\u00ednea IV del Mexib\u00fas lleva un avance del 95 por ciento, el cual ser\u00e1 el primer sistema de transporte articulado metropolitano que beneficiar\u00e1 a m\u00e1s de 2 millones de personas que se movilizan entre la entidad mexiquense y la Ciudad de M\u00e9xico.<\/p>\n<p class=\"p5\">\u201cUna obra muy importante que estamos a punto de terminar, es una de las obras de transporte m\u00e1s importantes que tenemos en el Estado de M\u00e9xico y es la conclusi\u00f3n de la L\u00ednea IV del Mexib\u00fas, es una l\u00ednea de transporte que nos va a ayudar a que toda la gente de esta regi\u00f3n del Valle de M\u00e9xico que va a la Ciudad de M\u00e9xico, se mueve en esta zona del estado, lo pueda hacer de manera m\u00e1s segura, m\u00e1s r\u00e1pida y m\u00e1s barata\u201d manifest\u00f3.<\/p>\n<p class=\"p5\">\u201cYa muy pronto, en unos meses, estar\u00e1 concluida, vamos a un 95 por ciento de avance de este gran proyecto, en donde, adem\u00e1s, se han generado muchos empleos, son cerca de 12 mil 400 empleos, tanto directos como indirectos, que se han generado con la construcci\u00f3n de esta obra\u201d, se\u00f1al\u00f3 luego de realizar un recorrido de supervisi\u00f3n por la Terminal Universidad Mexiquense del Bicentenario de la L\u00ednea IV del Mexib\u00fas.<\/p>\n<p class=\"p5\">Del Mazo Maza indic\u00f3 que la L\u00ednea IV del Mexib\u00fas circular\u00e1 por Tec\u00e1mac, Ecatepec, Tlalnepantla y la estaci\u00f3n del metro Indios Verdes en la Ciudad de M\u00e9xico, lo que permitir\u00e1 reducir los tiempos de traslado de los usuarios.<\/p>\n<p class=\"p5\">\u201cEs el primer transporte, adem\u00e1s como transporte articulado metropolitano, que circula por avenidas del Estado de M\u00e9xico y de la Ciudad de M\u00e9xico. Algo muy importante es que nos va a disminuir much\u00edsimo el tiempo de traslado, hoy en d\u00eda hacer todo este recorrido puede tomar m\u00e1s de dos horas, y con esta nueva ruta del Mexib\u00fas IV, esta ruta va a tomar cerca de 60 minutos y por la ruta expr\u00e9s, es decir, con algunas paradas, 45 minutos\u201d, destac\u00f3.<\/p>\n<p class=\"p5\">Alfredo Del Mazo puntualiz\u00f3 que este sistema de transporte contar\u00e1 con sistemas de monitoreo y videovigilancia, adem\u00e1s de que estar\u00e1 integrado por 27 estaciones.<\/p>\n<p class=\"p5\">Cabe destacar que la Terminal Universidad Mexiquense del Bicentenario de la L\u00ednea IV del Mexib\u00fas ser\u00e1 un centro de transferencia multimodal que permitir\u00e1 que los usuarios accedan a otros medios de transporte como vagonetas, taxis y autobuses de mediana capacidad, lo que a su vez reducir\u00e1 tiempos de traslado y riesgos en transbordos.<\/p>\n<p class=\"p5\">Esta terminal se construy\u00f3 en un \u00e1rea de 34 mil metros cuadrados, cuenta con dos secciones, la primera consta de plataforma de ascenso y descenso de pasajeros, torniquetes de acceso, equipos de recaudo y bah\u00edas para transporte de mediana y baja capacidad.<\/p>\n<p class=\"p5\">La segunda secci\u00f3n cuenta con edificio administrativo, \u00e1rea de taller con fosas de mantenimiento y almac\u00e9n de refacciones, preparaciones para estaci\u00f3n de almacenamiento y carga de combustible y tren de lavado de autobuses.<\/p>\n<p class=\"p5\">Durante la pandemia por COVID-19, el Gobierno del Estado de M\u00e9xico reforz\u00f3 las medidas de higiene en los sistemas articulados de transporte, como lo son el Mexib\u00fas y Mexicable, para cuidar de la salud de los pasajeros.<\/p>\n<p class=\"p5\">Por ello, todos los d\u00edas se verifica que los concesionarios realicen los protocolos de limpieza en cada una de las unidades y estaciones de estos sistemas de transporte, con acciones como la limpieza de pasamanos, asientos y piso, lavado de carrocer\u00eda externa y limpieza interna con desinfectante especializado, entre otras medidas.<\/p>\n","protected":false},"excerpt":{"rendered":"<div class=\"mh-excerpt\"><p>\u2022Subraya Gobernador mexiquense que la L\u00ednea del Mexib\u00fas IV beneficiar\u00e1 en la econom\u00eda y en <a class=\"mh-excerpt-more\" href=\"https:\/\/foro1025.mx\/?p=10624\" title=\"L\u00ednea IV del Mexib\u00fas ser\u00e1 el primer transporte articulado metropolitano del Valle de M\u00e9xico: Alfredo Del Mazo\">&#8230;<\/a><\/p>\n<\/div>","protected":false},"author":1,"featured_media":0,"comment_status":"closed","ping_status":"closed","sticky":false,"template":"","format":"standard","meta":{"footnotes":""},"categories":[13,39],"tags":[],"class_list":{"0":"post-10624","1":"post","2":"type-post","3":"status-publish","4":"format-standard","6":"category-estado-de-mexico","7":"category-principales"},"_links":{"self":[{"href":"https:\/\/foro1025.mx\/index.php?rest_route=\/wp\/v2\/posts\/10624","targetHints":{"allow":["GET"]}}],"collection":[{"href":"https:\/\/foro1025.mx\/index.php?rest_route=\/wp\/v2\/posts"}],"about":[{"href":"https:\/\/foro1025.mx\/index.php?rest_route=\/wp\/v2\/types\/post"}],"author":[{"embeddable":true,"href":"https:\/\/foro1025.mx\/index.php?rest_route=\/wp\/v2\/users\/1"}],"replies":[{"embeddable":true,"href":"https:\/\/foro1025.mx\/index.php?rest_route=%2Fwp%2Fv2%2Fcomments&post=10624"}],"version-history":[{"count":1,"href":"https:\/\/foro1025.mx\/index.php?rest_route=\/wp\/v2\/posts\/10624\/revisions"}],"predecessor-version":[{"id":10627,"href":"https:\/\/foro1025.mx\/index.php?rest_route=\/wp\/v2\/posts\/10624\/revisions\/10627"}],"wp:attachment":[{"href":"https:\/\/foro1025.mx\/index.php?rest_route=%2Fwp%2Fv2%2Fmedia&parent=10624"}],"wp:term":[{"taxonomy":"category","embeddable":true,"href":"https:\/\/foro1025.mx\/index.php?rest_route=%2Fwp%2Fv2%2Fcategories&post=10624"},{"taxonomy":"post_tag","embeddable":true,"href":"https:\/\/foro1025.mx\/index.php?rest_route=%2Fwp%2Fv2%2Ftags&post=10624"}],"curies":[{"name":"wp","href":"https:\/\/api.w.org\/{rel}","templated":true}]}}