{"id":10628,"date":"2020-07-23T11:56:04","date_gmt":"2020-07-23T16:56:04","guid":{"rendered":"https:\/\/foro1025.mx\/?p=10628"},"modified":"2020-07-23T11:58:39","modified_gmt":"2020-07-23T16:58:39","slug":"10628","status":"publish","type":"post","link":"https:\/\/foro1025.mx\/?p=10628","title":{"rendered":"Respaldamos con cr\u00e9ditos a peque\u00f1as y medianas empresas para reactivar la econom\u00eda familiar y generar empleos: Alfredo Del Mazo"},"content":{"rendered":"<p>\u2022Pone en marcha Gobernador mexiquense programa conjunto con Nacional Financiera, que cuenta con una bolsa de 825 millones de pesos para otorgar cr\u00e9ditos a peque\u00f1as y medianas empresas de la entidad.<\/p>\n<p>\u2022Asegura que la administraci\u00f3n mexiquenese tiene diversos programas enfocados a impulsar la econom\u00eda de las familias, como apoyos a m\u00e1s de 50 mil personas que perdieron su empleo por la pandemia o cr\u00e9ditos a micro y peque\u00f1as enoresas, as\u00ed como a proyectos productivos, entre otros.<\/p>\n<p>\u2022Reitera llamado a empresas que retoman actividades en la fase naranja, a respetar las medidas sanitarias y ofrecer condiciones de seguridad a sus trabajadores.<\/p>\n<p>Texcoco, Estado de M\u00e9xico, 23 de julio de 2020. Como parte de la estrategia para reactivar la econom\u00eda familiar, as\u00ed como mantener y generar empleos en el estado, el Gobernador Alfredo Del Mazo puso en marcha el programa Impulso para el Desarrollo Industrial y Regional que, junto con Nacional Financiera, otorgar\u00e1 cr\u00e9ditos hasta por 5 millones de pesos a peque\u00f1as y medianas empresas mexiquenses, para que puedan adquirir materia prima, continuar pagando a sus empleados y a sus proveedores.<\/p>\n<p>\u00abDamos el lanzamiento a este gran programa que trabajamos como Gobierno del estado y Nacional Financiera para otorgar cr\u00e9ditos a las peque\u00f1as y medianas empresas; son cr\u00e9ditos de hasta 5 millones de pesos, adem\u00e1s con un periodo de gracia de hasta seis meses, lo que les da un gran espacio para empezar a pagar este cr\u00e9dito, y en mejores condiciones que lo hace la banca comercial.<\/p>\n<p>\u00abTenemos una bolsa de 825 millones de pesos que estaremos destinando a este tipo de cr\u00e9ditos y eso es parte del programa de apoyo a la econom\u00eda familiar, que estamos impulsando como Gobierno del estado\u00bb, dio a conocer.<\/p>\n<p>En la visita que realiz\u00f3 a la empresa de productos l\u00e1cteos Covadonga, en Texcoco, Del Mazo Maza especific\u00f3 que su administraci\u00f3n otorga diversos est\u00edmulos enfocados a impulsar la econom\u00eda de las familias, entre ellos, el programa de apoyo al desempleo, mediante el que se otorgan recursos a m\u00e1s de 50 mil mexiquenses que perdieron su trabajo debido a la contingencia sanitaria o los micro cr\u00e9ditos a micro y peque\u00f1as empresas, a tasa cero, con un periodo de gracias de cuatro meses, adem\u00e1s de cr\u00e9ditos para proyectos productivos de hasta 25 mil pesos.<\/p>\n<p>\u00abHay muchas familias que en estos meses han perdido su trabajo, e inclusive, sus comercios, su negocio, que tuvieron que cerrar y que no han podido volver a abrirlo por razones econ\u00f3micas, y de ah\u00ed la importancia de que en este proceso que le hemos llamado Regreso Seguro, impulsemos y apoyemos, sobre todo, a la econom\u00eda familiar de muchas formas\u00bb, subray\u00f3.<\/p>\n<p>Acompa\u00f1ado por Sandra Falc\u00f3n Venegas, Presidenta municipal de Texcoco, por Enrique Jacob, Secretario de Desarrollo Econ\u00f3mico y por Alfonso Guti\u00e9rrez Vega, Director de la Empresa Covadonga, el mandatario mexiquense se\u00f1al\u00f3 que este tipo de est\u00edmulos impulsar\u00e1n a las peque\u00f1as empresas que han hecho un gran esfuerzo por mantener su plantilla laboral, a comprar m\u00e1s materia prima, pagar a sus proveedores y reactivar la cadena de producci\u00f3n que invulcra a m\u00e1s personas en la distribuci\u00f3n, el almacenamiento, o que trabajan en conjunto con las empresas.<\/p>\n<p>Tras reconocer a la compa\u00f1\u00eda Covadonga por cuidar de su personal, con la implementaci\u00f3n de protocolos de prevenci\u00f3n, y por no despedir a trabajadores en los meses de contingencia, Alfredo Del Mazo reiter\u00f3 la recomendaci\u00f3n a las empresas que retoman sus actividades a adoptar medidas como uso de cubrebocas obligatorio, mantener sana distancia, lavado constante de manos o tomar la temperatura de las personas y as\u00ed evitar que en todo el Estado de M\u00e9xico se incrementen los contagios.<\/p>\n<p>\u00abEs muy importante que todas las empresas que est\u00e1n retomando actividades a lo largo de esta semana y las anteriores, que empezamos a ir poco a poco reactivando algunas actividades de trabajo, lo hagan de manera muy responsable, cuidando las medidas preventivas, cuidando a sus trabajadores y cuidando a las familias de los trabajadores. Todo lo que hagamos en estos pr\u00f3ximos d\u00edas, semanas, ser\u00e1 muy importante para seguir avanzando a la siguiente fase\u00bb, recalc\u00f3.<\/p>\n<p>El Gobernador subray\u00f3 la importancia de no bajar la guardia en este momento de reapertura de negocios, ya que el COVID-19 contin\u00faa representando un riesgo para la poblaci\u00f3n, y consider\u00f3 que cuidarse de s\u00ed mismo y de los dem\u00e1s, es una responsabilidad de todos y una muestra de solidaridad.<\/p>\n","protected":false},"excerpt":{"rendered":"<div class=\"mh-excerpt\"><p>\u2022Pone en marcha Gobernador mexiquense programa conjunto con Nacional Financiera, que cuenta con una bolsa <a class=\"mh-excerpt-more\" href=\"https:\/\/foro1025.mx\/?p=10628\" title=\"Respaldamos con cr\u00e9ditos a peque\u00f1as y medianas empresas para reactivar la econom\u00eda familiar y generar empleos: Alfredo Del Mazo\">&#8230;<\/a><\/p>\n<\/div>","protected":false},"author":1,"featured_media":0,"comment_status":"closed","ping_status":"closed","sticky":false,"template":"","format":"standard","meta":{"footnotes":""},"categories":[13,39],"tags":[],"class_list":{"0":"post-10628","1":"post","2":"type-post","3":"status-publish","4":"format-standard","6":"category-estado-de-mexico","7":"category-principales"},"_links":{"self":[{"href":"https:\/\/foro1025.mx\/index.php?rest_route=\/wp\/v2\/posts\/10628","targetHints":{"allow":["GET"]}}],"collection":[{"href":"https:\/\/foro1025.mx\/index.php?rest_route=\/wp\/v2\/posts"}],"about":[{"href":"https:\/\/foro1025.mx\/index.php?rest_route=\/wp\/v2\/types\/post"}],"author":[{"embeddable":true,"href":"https:\/\/foro1025.mx\/index.php?rest_route=\/wp\/v2\/users\/1"}],"replies":[{"embeddable":true,"href":"https:\/\/foro1025.mx\/index.php?rest_route=%2Fwp%2Fv2%2Fcomments&post=10628"}],"version-history":[{"count":3,"href":"https:\/\/foro1025.mx\/index.php?rest_route=\/wp\/v2\/posts\/10628\/revisions"}],"predecessor-version":[{"id":10632,"href":"https:\/\/foro1025.mx\/index.php?rest_route=\/wp\/v2\/posts\/10628\/revisions\/10632"}],"wp:attachment":[{"href":"https:\/\/foro1025.mx\/index.php?rest_route=%2Fwp%2Fv2%2Fmedia&parent=10628"}],"wp:term":[{"taxonomy":"category","embeddable":true,"href":"https:\/\/foro1025.mx\/index.php?rest_route=%2Fwp%2Fv2%2Fcategories&post=10628"},{"taxonomy":"post_tag","embeddable":true,"href":"https:\/\/foro1025.mx\/index.php?rest_route=%2Fwp%2Fv2%2Ftags&post=10628"}],"curies":[{"name":"wp","href":"https:\/\/api.w.org\/{rel}","templated":true}]}}