{"id":10690,"date":"2020-07-28T11:54:27","date_gmt":"2020-07-28T16:54:27","guid":{"rendered":"https:\/\/foro1025.mx\/?p=10690"},"modified":"2020-07-28T11:54:27","modified_gmt":"2020-07-28T16:54:27","slug":"tlalnepantla-separa-del-cargo-a-funcionario-que-obstruyo-rampa","status":"publish","type":"post","link":"https:\/\/foro1025.mx\/?p=10690","title":{"rendered":"Tlalnepantla separa del cargo a funcionario que obstruy\u00f3 rampa"},"content":{"rendered":"<p class=\"p1\">El Gobierno de Tlalnepantla reitera su compromiso para trabajar por los derechos de la poblaci\u00f3n con discapacidad y de cero tolerancia a los abusos de las servidoras y servidores p\u00fablicos municipales, por lo que informa:<\/p>\n<p class=\"p1\">* Se separ\u00f3 del cargo a un funcionario que obstruy\u00f3 con un veh\u00edculo oficial una rampa para personas con discapacidad y respondi\u00f3 de manera grosera a un ciudadano.<\/p>\n<p class=\"p1\">* El Gobierno Municipal que preside Raciel<span class=\"Apple-converted-space\">\u00a0 <\/span>P\u00e9rez Cruz aplica pol\u00edticas de inclusi\u00f3n en todos los sectores de la sociedad, es la primera vez que se dota de infraestructura para mejorar la movilidad de la poblaci\u00f3n con discapacidad.<\/p>\n<p class=\"p1\">* Se invirtieron 9 millones 991 mil 808 pesos en la construcci\u00f3n y mejoramiento de elementos de accesibilidad universal en calles y vialidades de mayor afluencia, as\u00ed como en oficinas municipales y espacios p\u00fablicos.<\/p>\n<p class=\"p1\">* Se realizaron cruces peatonales, rampas, banquetas y guarniciones, suministro y colocaci\u00f3n de se\u00f1alamientos, aplicaci\u00f3n de pintura en guarniciones y pasos peatonales.<\/p>\n<p class=\"p1\">* Por primera vez el Palacio Municipal cuenta con dos elevadores, uno en cada entrada principal, que fueron construidos por la actual administraci\u00f3n para facilitar el acceso a las personas con discapacidad que acuden a realizar tr\u00e1mites, entrar\u00e1n en funcionamiento cuando el sem\u00e1foro de la emergencia sanitaria lo permita.<\/p>\n<p class=\"p1\">* La l\u00ednea anticorrupci\u00f3n de la Contralor\u00eda Interna Municipal es: 800-2868201.<\/p>\n","protected":false},"excerpt":{"rendered":"<div class=\"mh-excerpt\"><p>El Gobierno de Tlalnepantla reitera su compromiso para trabajar por los derechos de la poblaci\u00f3n <a class=\"mh-excerpt-more\" href=\"https:\/\/foro1025.mx\/?p=10690\" title=\"Tlalnepantla separa del cargo a funcionario que obstruy\u00f3 rampa\">&#8230;<\/a><\/p>\n<\/div>","protected":false},"author":1,"featured_media":0,"comment_status":"closed","ping_status":"closed","sticky":false,"template":"","format":"standard","meta":{"footnotes":""},"categories":[16],"tags":[],"class_list":{"0":"post-10690","1":"post","2":"type-post","3":"status-publish","4":"format-standard","6":"category-tlalnepantla"},"_links":{"self":[{"href":"https:\/\/foro1025.mx\/index.php?rest_route=\/wp\/v2\/posts\/10690","targetHints":{"allow":["GET"]}}],"collection":[{"href":"https:\/\/foro1025.mx\/index.php?rest_route=\/wp\/v2\/posts"}],"about":[{"href":"https:\/\/foro1025.mx\/index.php?rest_route=\/wp\/v2\/types\/post"}],"author":[{"embeddable":true,"href":"https:\/\/foro1025.mx\/index.php?rest_route=\/wp\/v2\/users\/1"}],"replies":[{"embeddable":true,"href":"https:\/\/foro1025.mx\/index.php?rest_route=%2Fwp%2Fv2%2Fcomments&post=10690"}],"version-history":[{"count":1,"href":"https:\/\/foro1025.mx\/index.php?rest_route=\/wp\/v2\/posts\/10690\/revisions"}],"predecessor-version":[{"id":10692,"href":"https:\/\/foro1025.mx\/index.php?rest_route=\/wp\/v2\/posts\/10690\/revisions\/10692"}],"wp:attachment":[{"href":"https:\/\/foro1025.mx\/index.php?rest_route=%2Fwp%2Fv2%2Fmedia&parent=10690"}],"wp:term":[{"taxonomy":"category","embeddable":true,"href":"https:\/\/foro1025.mx\/index.php?rest_route=%2Fwp%2Fv2%2Fcategories&post=10690"},{"taxonomy":"post_tag","embeddable":true,"href":"https:\/\/foro1025.mx\/index.php?rest_route=%2Fwp%2Fv2%2Ftags&post=10690"}],"curies":[{"name":"wp","href":"https:\/\/api.w.org\/{rel}","templated":true}]}}