{"id":10693,"date":"2020-07-28T11:56:50","date_gmt":"2020-07-28T16:56:50","guid":{"rendered":"https:\/\/foro1025.mx\/?p=10693"},"modified":"2020-07-28T11:56:50","modified_gmt":"2020-07-28T16:56:50","slug":"ciudadania-reconoce-labor-del-gobierno-de-coacalco-para-recuperar-el-deportivo-villa-de-las-flores","status":"publish","type":"post","link":"https:\/\/foro1025.mx\/?p=10693","title":{"rendered":"Ciudadan\u00eda reconoce labor del gobierno de Coacalco para recuperar el deportivo Villa de las Flores"},"content":{"rendered":"<p class=\"p1\">\n<ul class=\"ul1\">\n<li class=\"li3\"><i>Agradecieron al Alcalde Darwin Eslava por dar seguimiento al tema legal y cumplir con la recuperaci\u00f3n de este espacio <\/i><\/li>\n<li class=\"li3\"><i>Lamentaron que autoridades municipales anteriores hayan permitido la destrucci\u00f3n de este emblem\u00e1tico lugar\u00a0<\/i><\/li>\n<\/ul>\n<p class=\"p5\">Ciudadanos coacalquenses que por a\u00f1os fueron visitantes constantes del Deportivo Villa de las Flores, reconocieron la voluntad del Alcalde, Darwin Eslava, para dar seguimiento al tema jur\u00eddico y lograr recuperar este espacio en beneficio de los habitantes de este municipio.<\/p>\n<p class=\"p5\">\u201cEste fue uno de los principales compromisos de campa\u00f1a del Presidente Municipal y ya lo cumpli\u00f3. Ahora el deportivo es una realidad y vuelve a ser parte de nosotros\u201d, afirm\u00f3 Juan Carlos Delgado, vecino de Villa de las Flores.<\/p>\n<p class=\"p5\">Record\u00f3 que de ni\u00f1o frecuentaba estas instalaciones en compa\u00f1\u00eda de su familia, por lo que la recuperaci\u00f3n de este lugar le trae muchos sentimientos personales y espera que pronto la ciudadan\u00eda pueda volver a hacer uso del mismo.<\/p>\n<p class=\"p5\">Juan Carlos Delgado manifest\u00f3 su desconcierto ante el hecho de que autoridades municipales anteriores permitieran la destrucci\u00f3n de este lugar emblem\u00e1tico de las y los coacalquenses.<\/p>\n<p class=\"p5\">\u201cEste era un espacio p\u00fablico para nosotros, no era justo que se cerrara durante m\u00e1s de cinco a\u00f1os, no se le sac\u00f3 ning\u00fan provecho y, por el contrario, se abandon\u00f3 y se destruy\u00f3\u201d, enfatiz\u00f3.<\/p>\n<p class=\"p5\">En este mismo sentido se pronunci\u00f3 Mario Guerrero, quien lament\u00f3 las deplorables condiciones en las que ahora se encuentra este lugar.<\/p>\n<p class=\"p5\">\u201cNo se vale que David S\u00e1nchez Isidoro, quien en aquel entonces era Presidente Municipal, haya vendido algo que no era de \u00e9l, esto era parte de los habitantes de Coacalco y no hab\u00eda derecho\u201d, refiri\u00f3 el habitante de Villa de las Flores.<\/p>\n<p class=\"p5\">Lidia Enr\u00edquez, al igual que los ciudadanos ya mencionados, externaron su disposici\u00f3n para sumar esfuerzos y que la rehabilitaci\u00f3n del deportivo Villa de las Flores sea una realidad.<\/p>\n<p class=\"p5\">El 6 de julio de 2015, el entonces Alcalde, David S\u00e1nchez Isidoro, otorg\u00f3 mediante contrato el uso y aprovechamiento del inmueble de propiedad municipal a la empresa Xico Por la Salud y la Educaci\u00f3n S.A. por un plazo de 25 a\u00f1os.<\/p>\n<p class=\"p5\">Sin embargo, la rehabilitaci\u00f3n nunca se realiz\u00f3 y las instalaciones fueron derrumbadas y cerradas en detrimento del esparcimiento y calidad de vida de las y los coacalquenses.<\/p>\n<p class=\"p5\">Desde entonces las instalaciones permanecieron cerradas y al iniciar la actual administraci\u00f3n se dio un puntual seguimiento a la totalidad de juicios, siendo desde el orden administrativo, amparo y amparo en revisi\u00f3n, logrando a inicios de 2020 entablar pl\u00e1ticas conciliatorias con la citada empresa derivando en un convenio de desocupaci\u00f3n y entrega de inmueble por parte de Xico Por la Salud y la Educaci\u00f3n S.A. en beneficio del municipio.<\/p>\n","protected":false},"excerpt":{"rendered":"<div class=\"mh-excerpt\"><p>Agradecieron al Alcalde Darwin Eslava por dar seguimiento al tema legal y cumplir con la <a class=\"mh-excerpt-more\" href=\"https:\/\/foro1025.mx\/?p=10693\" title=\"Ciudadan\u00eda reconoce labor del gobierno de Coacalco para recuperar el deportivo Villa de las Flores\">&#8230;<\/a><\/p>\n<\/div>","protected":false},"author":1,"featured_media":0,"comment_status":"closed","ping_status":"closed","sticky":false,"template":"","format":"standard","meta":{"footnotes":""},"categories":[7],"tags":[],"class_list":{"0":"post-10693","1":"post","2":"type-post","3":"status-publish","4":"format-standard","6":"category-coacalco"},"_links":{"self":[{"href":"https:\/\/foro1025.mx\/index.php?rest_route=\/wp\/v2\/posts\/10693","targetHints":{"allow":["GET"]}}],"collection":[{"href":"https:\/\/foro1025.mx\/index.php?rest_route=\/wp\/v2\/posts"}],"about":[{"href":"https:\/\/foro1025.mx\/index.php?rest_route=\/wp\/v2\/types\/post"}],"author":[{"embeddable":true,"href":"https:\/\/foro1025.mx\/index.php?rest_route=\/wp\/v2\/users\/1"}],"replies":[{"embeddable":true,"href":"https:\/\/foro1025.mx\/index.php?rest_route=%2Fwp%2Fv2%2Fcomments&post=10693"}],"version-history":[{"count":1,"href":"https:\/\/foro1025.mx\/index.php?rest_route=\/wp\/v2\/posts\/10693\/revisions"}],"predecessor-version":[{"id":10695,"href":"https:\/\/foro1025.mx\/index.php?rest_route=\/wp\/v2\/posts\/10693\/revisions\/10695"}],"wp:attachment":[{"href":"https:\/\/foro1025.mx\/index.php?rest_route=%2Fwp%2Fv2%2Fmedia&parent=10693"}],"wp:term":[{"taxonomy":"category","embeddable":true,"href":"https:\/\/foro1025.mx\/index.php?rest_route=%2Fwp%2Fv2%2Fcategories&post=10693"},{"taxonomy":"post_tag","embeddable":true,"href":"https:\/\/foro1025.mx\/index.php?rest_route=%2Fwp%2Fv2%2Ftags&post=10693"}],"curies":[{"name":"wp","href":"https:\/\/api.w.org\/{rel}","templated":true}]}}