{"id":1151,"date":"2016-06-29T12:07:59","date_gmt":"2016-06-29T17:07:59","guid":{"rendered":"https:\/\/foro1025.mx\/?p=1151"},"modified":"2016-06-29T12:07:59","modified_gmt":"2016-06-29T17:07:59","slug":"ecatepec-oferto-850-vacantes-para-jovenes","status":"publish","type":"post","link":"https:\/\/foro1025.mx\/?p=1151","title":{"rendered":"Ecatepec ofert\u00f3 850 vacantes para j\u00f3venes"},"content":{"rendered":"<p class=\"yiv0368279846\" style=\"margin: 0cm; margin-bottom: .0001pt; background: white;\"><span style=\"font-family: Arial; color: #1a1a1a;\">Los gobiernos de Ecatepec y del Estado de M\u00e9xico, realizaron la Feria de Empleo para J\u00f3venes 2016, donde participaron 170 empresas que ofertaron mil 850 vacantes con el objetivo de promover el desarrollo profesional y personal.<\/span><\/p>\n<p class=\"yiv0368279846\" style=\"margin: 0cm; margin-bottom: .0001pt; background: white;\"><span style=\"font-family: Arial; color: #1a1a1a;\">Indalecio R\u00edos Vel\u00e1zquez, presidente municipal inform\u00f3 que esta feria es la m\u00e1s grande que ha organizado el gobierno donde j\u00f3venes de 18 a\u00f1os en adelante encontraron oportunidades laborales.<\/span><\/p>\n<p class=\"yiv0368279846\" style=\"margin: 0cm; margin-bottom: .0001pt; background: white;\"><span style=\"font-family: Arial; color: #1a1a1a;\">El alcalde resalt\u00f3 que las personas que buscan trabajo pueden acudir a la Subdirecci\u00f3n del Empleo municipal que ofrece 300 puestos laborales desde ayudantes generales, hasta gerenciales. Asimismo, la Secretar\u00eda del Trabajo cuenta con el programa \u201cB\u00e9cate\u201d, mediante el cual en esta feria entreg\u00f3 apoyos con una inversi\u00f3n de dos millones 850 mil pesos mediante la cual los beneficiarios recibir\u00e1n capacitaci\u00f3n para emprender su propio negocio.<\/span><\/p>\n<p class=\"yiv0368279846\" style=\"margin: 0cm; margin-bottom: .0001pt; background: white;\"><span style=\"font-family: Arial; color: #1a1a1a;\">Para realizar una b\u00fasqueda de empleo m\u00e1s efectiva el gobierno local ha impartido talleres denominados \u201cHaz tu Curr\u00edculum Vitae\u201d y \u201cEntrevista Exitosa\u201d.<\/span><\/p>\n<p class=\"yiv0368279846\" style=\"margin: 0cm; margin-bottom: .0001pt; background: white;\"><img loading=\"lazy\" decoding=\"async\" class=\"size-large wp-image-1153 alignleft\" src=\"https:\/\/foro1025.mx\/wp-content\/uploads\/2016\/06\/pmc-615-1024x643.jpg\" alt=\"pmc (615)\" width=\"676\" height=\"424\" \/><\/p>\n","protected":false},"excerpt":{"rendered":"<div class=\"mh-excerpt\"><p>Los gobiernos de Ecatepec y del Estado de M\u00e9xico, realizaron la Feria de Empleo para <a class=\"mh-excerpt-more\" href=\"https:\/\/foro1025.mx\/?p=1151\" title=\"Ecatepec ofert\u00f3 850 vacantes para j\u00f3venes\">&#8230;<\/a><\/p>\n<\/div>","protected":false},"author":1,"featured_media":0,"comment_status":"open","ping_status":"open","sticky":false,"template":"","format":"standard","meta":{"footnotes":""},"categories":[11],"tags":[],"class_list":{"0":"post-1151","1":"post","2":"type-post","3":"status-publish","4":"format-standard","6":"category-ecatepec"},"_links":{"self":[{"href":"https:\/\/foro1025.mx\/index.php?rest_route=\/wp\/v2\/posts\/1151","targetHints":{"allow":["GET"]}}],"collection":[{"href":"https:\/\/foro1025.mx\/index.php?rest_route=\/wp\/v2\/posts"}],"about":[{"href":"https:\/\/foro1025.mx\/index.php?rest_route=\/wp\/v2\/types\/post"}],"author":[{"embeddable":true,"href":"https:\/\/foro1025.mx\/index.php?rest_route=\/wp\/v2\/users\/1"}],"replies":[{"embeddable":true,"href":"https:\/\/foro1025.mx\/index.php?rest_route=%2Fwp%2Fv2%2Fcomments&post=1151"}],"version-history":[{"count":1,"href":"https:\/\/foro1025.mx\/index.php?rest_route=\/wp\/v2\/posts\/1151\/revisions"}],"predecessor-version":[{"id":1154,"href":"https:\/\/foro1025.mx\/index.php?rest_route=\/wp\/v2\/posts\/1151\/revisions\/1154"}],"wp:attachment":[{"href":"https:\/\/foro1025.mx\/index.php?rest_route=%2Fwp%2Fv2%2Fmedia&parent=1151"}],"wp:term":[{"taxonomy":"category","embeddable":true,"href":"https:\/\/foro1025.mx\/index.php?rest_route=%2Fwp%2Fv2%2Fcategories&post=1151"},{"taxonomy":"post_tag","embeddable":true,"href":"https:\/\/foro1025.mx\/index.php?rest_route=%2Fwp%2Fv2%2Ftags&post=1151"}],"curies":[{"name":"wp","href":"https:\/\/api.w.org\/{rel}","templated":true}]}}