{"id":11631,"date":"2020-09-16T13:41:43","date_gmt":"2020-09-16T18:41:43","guid":{"rendered":"https:\/\/foro1025.mx\/?p=11631"},"modified":"2020-09-16T13:41:43","modified_gmt":"2020-09-16T18:41:43","slug":"tlalnepantla-conmemora-independencia-con-responsabilidad-y-sana-distancia","status":"publish","type":"post","link":"https:\/\/foro1025.mx\/?p=11631","title":{"rendered":"Tlalnepantla conmemora Independencia con responsabilidad y sana distancia"},"content":{"rendered":"<p class=\"p1\">Para mitigar la propagaci\u00f3n del COVID-19, Raciel P\u00e9rez Cruz, Presidente Municipal, dio el tradicional Grito de Independencia durante una transmisi\u00f3n en vivo. El Edil lanz\u00f3 \u2018vivas\u2019 por los h\u00e9roes que nos dieron patria, por las trabajadoras y los trabajadores de la salud que han enfrentado la pandemia.<\/p>\n<p class=\"p1\">A las 18:00 horas de este martes 15 de septiembre el Alcalde encabez\u00f3 la ceremonia de honores y arriamiento de la Bandera. Posteriormente, a trav\u00e9s de las redes oficiales del Gobierno de Tlalnepantla, la ciudadan\u00eda pudo disfrutar de una fiesta de m\u00fasica, cultura e historia.<\/p>\n<p class=\"p1\">Con el prop\u00f3sito de reactivar la econom\u00eda local, participaron artistas de la demarcaci\u00f3n como el trio huasteco Alma Queretana, el Mariachi Juvenil de Am\u00e9rica y el grupo norte\u00f1o Los Tah\u00fares del Norte.<\/p>\n<p class=\"p1\">Tambi\u00e9n se transmitieron c\u00e1psulas culturales, hist\u00f3ricas, sobre personajes destacados de Nuestra Ciudad. Se present\u00f3 la Orquesta Sinf\u00f3nica de Tlalnepantla bajo la batuta de Patricio M\u00e9ndez Garrido, que interpret\u00f3 m\u00fasica mexicana, y un recital del pianista Rogelio Bonilla L\u00f3pez.<\/p>\n<p class=\"p1\">Minutos antes de las 23:00 horas, como un acto simb\u00f3lico para rememorar al cura Miguel Hidalgo, el Alcalde, acompa\u00f1ado del Secretario del Ayuntamiento, Miguel \u00c1ngel Bravo Suberville, liber\u00f3 a los detenidos que se encontraban en las galeras de la Oficial\u00eda Calificadora por faltas administrativas.<\/p>\n<p class=\"p1\">\u201cVengo en nombre de la Patria en un d\u00eda tan significativo en el que se festeja la Independencia del pueblo mexicano, para dejarlos en libertad y exhortarlos al buen comportamiento que los ciudadanos debemos guardar\u201d, expres\u00f3 el Edil.<\/p>\n<p class=\"p1\">P\u00e9rez Cruz se dirigi\u00f3 al balc\u00f3n central del Palacio Municipal donde lo esperaban los integrantes del Cuerpo Edilicio para dar el tradicional Grito de Independencia. \u201cMexicanos, vivan los h\u00e9roes que nos dieron patria, viva Hidalgo, viva Allende, viva Aldama, viva Morelos, viva do\u00f1a Josefa Ortiz de Dom\u00ednguez, vivan las y los trabajadores de la salud, viva Tlalnepantla, viva M\u00e9xico, viva M\u00e9xico, viva M\u00e9xico\u201d.<\/p>\n<p class=\"p1\">El Presidente Municipal onde\u00f3 la bandera e hizo repicar la campana como lo realiz\u00f3 Miguel Hidalgo y Costilla hace 210 a\u00f1os para dar inicio al movimiento de Independencia.<\/p>\n","protected":false},"excerpt":{"rendered":"<div class=\"mh-excerpt\"><p>Para mitigar la propagaci\u00f3n del COVID-19, Raciel P\u00e9rez Cruz, Presidente Municipal, dio el tradicional Grito <a class=\"mh-excerpt-more\" href=\"https:\/\/foro1025.mx\/?p=11631\" title=\"Tlalnepantla conmemora Independencia con responsabilidad y sana distancia\">&#8230;<\/a><\/p>\n<\/div>","protected":false},"author":1,"featured_media":0,"comment_status":"closed","ping_status":"closed","sticky":false,"template":"","format":"standard","meta":{"footnotes":""},"categories":[16],"tags":[],"class_list":{"0":"post-11631","1":"post","2":"type-post","3":"status-publish","4":"format-standard","6":"category-tlalnepantla"},"_links":{"self":[{"href":"https:\/\/foro1025.mx\/index.php?rest_route=\/wp\/v2\/posts\/11631","targetHints":{"allow":["GET"]}}],"collection":[{"href":"https:\/\/foro1025.mx\/index.php?rest_route=\/wp\/v2\/posts"}],"about":[{"href":"https:\/\/foro1025.mx\/index.php?rest_route=\/wp\/v2\/types\/post"}],"author":[{"embeddable":true,"href":"https:\/\/foro1025.mx\/index.php?rest_route=\/wp\/v2\/users\/1"}],"replies":[{"embeddable":true,"href":"https:\/\/foro1025.mx\/index.php?rest_route=%2Fwp%2Fv2%2Fcomments&post=11631"}],"version-history":[{"count":1,"href":"https:\/\/foro1025.mx\/index.php?rest_route=\/wp\/v2\/posts\/11631\/revisions"}],"predecessor-version":[{"id":11633,"href":"https:\/\/foro1025.mx\/index.php?rest_route=\/wp\/v2\/posts\/11631\/revisions\/11633"}],"wp:attachment":[{"href":"https:\/\/foro1025.mx\/index.php?rest_route=%2Fwp%2Fv2%2Fmedia&parent=11631"}],"wp:term":[{"taxonomy":"category","embeddable":true,"href":"https:\/\/foro1025.mx\/index.php?rest_route=%2Fwp%2Fv2%2Fcategories&post=11631"},{"taxonomy":"post_tag","embeddable":true,"href":"https:\/\/foro1025.mx\/index.php?rest_route=%2Fwp%2Fv2%2Ftags&post=11631"}],"curies":[{"name":"wp","href":"https:\/\/api.w.org\/{rel}","templated":true}]}}