{"id":1167,"date":"2016-07-05T11:32:35","date_gmt":"2016-07-05T16:32:35","guid":{"rendered":"https:\/\/foro1025.mx\/?p=1167"},"modified":"2016-07-05T11:32:35","modified_gmt":"2016-07-05T16:32:35","slug":"coacalco-ratifica-el-programa-sobre-igualdad-sustantiva","status":"publish","type":"post","link":"https:\/\/foro1025.mx\/?p=1167","title":{"rendered":"Coacalco ratifica el programa sobre igualdad sustantiva"},"content":{"rendered":"<p style=\"text-align: justify;\"><strong>Coacalco ratifica el programa sobre igualdad sustantiva<\/strong><\/p>\n<p style=\"text-align: justify;\">Con la finalidad de contribuir en el Plan Nacional de Desarrollo, para alcanzar las metas del programa \u201cPor un M\u00e9xico Incluyente\u201d y por a\u00f1adidura un municipio sin exclusiones, por unanimidad ratifica el cabildo el programa sobre \u201cIgualdad Sustantiva del Instituto de la Defensa de los Derechos de la Mujer\u201d<\/p>\n<p style=\"text-align: justify;\">La directora del Instituto referido, Mercy Karina Zaballa, dio a conocer que de acuerdo con el \u201cPlan de Desarrollo Municipal de Coacalco\u201d, se establece como pol\u00edtica transversal el alinear todos los programas, acciones y estrategias municipales con perspectiva de equidad de g\u00e9nero.<\/p>\n<p style=\"text-align: justify;\">Es ese sentido, la funcionaria pormenoriz\u00f3 sobre el programa de \u201cMujeres en Desarrollo Constante\u201d, mismo que fue aprobado por unanimidad por el presidente municipal Erwin Castel\u00e1n, la s\u00edndico Nora Luz Ch\u00e1vez Hern\u00e1ndez y los 13 regidores del ayuntamiento.<\/p>\n<p style=\"text-align: justify;\">Las interesadas en recibir los distintos apoyos en cuanto a capacitaci\u00f3n, fortalecimiento profesional, asesor\u00edas jur\u00eddicas, defensa personal, atenci\u00f3n psicol\u00f3gica, promoci\u00f3n de la lactancia y prevenci\u00f3n del embarazo adolescente y salud reproductiva, as\u00ed como participaci\u00f3n en jornadas de bienestar social, se comuniquen al tel\u00e9fono\u00a0 15420071 o la p\u00e1gina web del ayuntamiento: coacalco.gob.mx.<\/p>\n<figure id=\"attachment_1169\" aria-describedby=\"caption-attachment-1169\" style=\"width: 676px\" class=\"wp-caption aligncenter\"><img loading=\"lazy\" decoding=\"async\" class=\"size-large wp-image-1169\" src=\"https:\/\/foro1025.mx\/wp-content\/uploads\/2016\/07\/DSC04084-1024x681.jpg\" alt=\"SONY DSC\" width=\"676\" height=\"450\" \/><figcaption id=\"caption-attachment-1169\" class=\"wp-caption-text\">SONY DSC<\/figcaption><\/figure>\n","protected":false},"excerpt":{"rendered":"<div class=\"mh-excerpt\"><p>Coacalco ratifica el programa sobre igualdad sustantiva Con la finalidad de contribuir en el Plan <a class=\"mh-excerpt-more\" href=\"https:\/\/foro1025.mx\/?p=1167\" title=\"Coacalco ratifica el programa sobre igualdad sustantiva\">&#8230;<\/a><\/p>\n<\/div>","protected":false},"author":1,"featured_media":0,"comment_status":"open","ping_status":"open","sticky":false,"template":"","format":"standard","meta":{"footnotes":""},"categories":[7],"tags":[],"class_list":{"0":"post-1167","1":"post","2":"type-post","3":"status-publish","4":"format-standard","6":"category-coacalco"},"_links":{"self":[{"href":"https:\/\/foro1025.mx\/index.php?rest_route=\/wp\/v2\/posts\/1167","targetHints":{"allow":["GET"]}}],"collection":[{"href":"https:\/\/foro1025.mx\/index.php?rest_route=\/wp\/v2\/posts"}],"about":[{"href":"https:\/\/foro1025.mx\/index.php?rest_route=\/wp\/v2\/types\/post"}],"author":[{"embeddable":true,"href":"https:\/\/foro1025.mx\/index.php?rest_route=\/wp\/v2\/users\/1"}],"replies":[{"embeddable":true,"href":"https:\/\/foro1025.mx\/index.php?rest_route=%2Fwp%2Fv2%2Fcomments&post=1167"}],"version-history":[{"count":1,"href":"https:\/\/foro1025.mx\/index.php?rest_route=\/wp\/v2\/posts\/1167\/revisions"}],"predecessor-version":[{"id":1170,"href":"https:\/\/foro1025.mx\/index.php?rest_route=\/wp\/v2\/posts\/1167\/revisions\/1170"}],"wp:attachment":[{"href":"https:\/\/foro1025.mx\/index.php?rest_route=%2Fwp%2Fv2%2Fmedia&parent=1167"}],"wp:term":[{"taxonomy":"category","embeddable":true,"href":"https:\/\/foro1025.mx\/index.php?rest_route=%2Fwp%2Fv2%2Fcategories&post=1167"},{"taxonomy":"post_tag","embeddable":true,"href":"https:\/\/foro1025.mx\/index.php?rest_route=%2Fwp%2Fv2%2Ftags&post=1167"}],"curies":[{"name":"wp","href":"https:\/\/api.w.org\/{rel}","templated":true}]}}