{"id":11749,"date":"2020-09-23T12:20:30","date_gmt":"2020-09-23T17:20:30","guid":{"rendered":"https:\/\/foro1025.mx\/?p=11749"},"modified":"2020-09-23T12:20:30","modified_gmt":"2020-09-23T17:20:30","slug":"es-edomex-la-zona-mas-atractiva-para-que-capital-aleman-prospere","status":"publish","type":"post","link":"https:\/\/foro1025.mx\/?p=11749","title":{"rendered":"Es Edom\u00e9x la zona m\u00e1s atractiva para que capital Alem\u00e1n prospere"},"content":{"rendered":"<p class=\"p3\"><i>\u2022 Invita GEM a empresarios de la provincia de Baviera para constatar las condiciones favorables que existen en el territorio mexiquense.<\/i><\/p>\n<p class=\"p3\"><i>\u2022 Exhorta administraci\u00f3n estatal a seguir siendo aliados comerciales porque existen grandes ventajas que permiten el crecimiento de los capitales.<\/i><\/p>\n<p class=\"p3\"><b>Toluca, Estado de M\u00e9xico.-\u00a0<\/b> El Estado de M\u00e9xico se mantiene como una de las zonas m\u00e1s atractivas del pa\u00eds para la inversi\u00f3n econ\u00f3mica por sus fortalezas en distintos renglones, que sumadas a la industrializaci\u00f3n, a la solidez de sus sistemas de salud y educaci\u00f3n, lo consolidan<span class=\"Apple-converted-space\">\u00a0 <\/span>como potencia econ\u00f3mica, as\u00ed lo afirm\u00f3 el Subsecretario de Fomento Industrial de la Secretar\u00eda de Desarrollo Econ\u00f3mico, Julio Guerrero.<\/p>\n<p class=\"p3\">Esto al participar en<span class=\"Apple-converted-space\">\u00a0 <\/span>la reuni\u00f3n de trabajo entre los integrantes de la Asociaci\u00f3n Mexicana de Secretarios de Desarrollo Econ\u00f3mico (AMSDE) y miembros del Gobierno de la provincia de Baviera, Alemania, representados por Christian Weber, el funcionario los invit\u00f3 a constatar las condiciones favorables que existen en el territorio mexiquense que permiten a las inversiones estar bien resguardadas<span class=\"Apple-converted-space\">\u00a0 <\/span>y crecer.<\/p>\n<p class=\"p3\">Durante el encuentro virtual, el representante del Gobernador Alfredo Del Mazo reiter\u00f3 la determinaci\u00f3n del mandatario estatal para apoyar durante la pandemia, a muchos sectores de la poblaci\u00f3n, con programas que fomenten la reactivaci\u00f3n econ\u00f3mica y el empleo.<\/p>\n<p class=\"p3\">Entre ellos, el otorgamiento de cr\u00e9ditos en condiciones favorables, incentivos fiscales, apoyos al desempleo, respaldo financiero para las Micro, peque\u00f1as y medianas empresas, as\u00ed como a j\u00f3venes emprendedores y a mujeres empresarias.<\/p>\n<p class=\"p3\">Frente al embajador de M\u00e9xico en Alemania, Rogelio Morf\u00edn, cuerpo diplom\u00e1tico y miembros de la Canciller\u00eda mexicana, Julio Guerrero afirm\u00f3 que el Estado de M\u00e9xico no es ajeno a los embates de la pandemia, por ello, en materia econ\u00f3mica la administraci\u00f3n estatal se ha preocupado por fortalecer las capacidades en materia de salud que garanticen la seguridad de productores y trabajadores.<\/p>\n<p class=\"p3\">Acompa\u00f1ado de titulares de las Secretar\u00edas de Desarrollo Econ\u00f3mico de distintos estados del pa\u00eds como Puebla, San Luis Potos\u00ed, Jalisco y Guanajuato, el funcionario mexiquense expres\u00f3 que la entidad quiere y desea seguir siendo aliada de Alemania no s\u00f3lo para consolidar sus inversiones, sino tambi\u00e9n para la llegada de nuevos proyectos.<\/p>\n<p class=\"p3\">En este sentido, destac\u00f3 distintas ventajas con la que cuenta el territorio mexiquense, como estar consolidado como el tercer generador de empleos,<span class=\"Apple-converted-space\">\u00a0 <\/span>ofrecer certeza jur\u00eddica que permite certidumbre, mantener un crecimiento por encima de la media nacional, adem\u00e1s de ser la segunda econom\u00eda m\u00e1s importante del pa\u00eds al<span class=\"Apple-converted-space\">\u00a0 <\/span>aportar nueve por ciento del PIB y si fuera parte de la econom\u00eda europea, ocupar\u00eda el lugar 19.<\/p>\n<p class=\"p3\">El Subsecretario subray\u00f3 que el Estado de M\u00e9xico y Baviera tienen muchas coincidencias comerciales, entre ellas industrias estrat\u00e9gicas como la automotriz, en donde la entidad es potencia nacional.<\/p>\n<p class=\"p3\">Puntualiz\u00f3 que la Inversi\u00f3n Extranjera Directa (IED) alemana se ha mantenido en la entidad, ocupando, el tercer lugar de 73 pa\u00edses cuyas empresas mantienen presencia en el estado y desde 1999, la IED suma 3 mil 800 millones de d\u00f3lares y en esta administraci\u00f3n, m\u00e1s de mil millones de d\u00f3lares, considerada como una inversi\u00f3n hist\u00f3rica.<\/p>\n<p class=\"p3\">Se\u00f1al\u00f3 que hay 413 empresas de capital alem\u00e1n en el Estado de M\u00e9xico y nueve destacan por haber sumado m\u00e1s de 100 millones de d\u00f3lares, lo cual representa el 60 por ciento del total de la IED, entre ellas Bosch y Bayer, las cuales influyen para que la entidad sea una potencia industrial en el pa\u00eds.<\/p>\n","protected":false},"excerpt":{"rendered":"<div class=\"mh-excerpt\"><p>\u2022 Invita GEM a empresarios de la provincia de Baviera para constatar las condiciones favorables <a class=\"mh-excerpt-more\" href=\"https:\/\/foro1025.mx\/?p=11749\" title=\"Es Edom\u00e9x la zona m\u00e1s atractiva para que capital Alem\u00e1n prospere\">&#8230;<\/a><\/p>\n<\/div>","protected":false},"author":1,"featured_media":0,"comment_status":"closed","ping_status":"closed","sticky":false,"template":"","format":"standard","meta":{"footnotes":""},"categories":[13],"tags":[],"class_list":{"0":"post-11749","1":"post","2":"type-post","3":"status-publish","4":"format-standard","6":"category-estado-de-mexico"},"_links":{"self":[{"href":"https:\/\/foro1025.mx\/index.php?rest_route=\/wp\/v2\/posts\/11749","targetHints":{"allow":["GET"]}}],"collection":[{"href":"https:\/\/foro1025.mx\/index.php?rest_route=\/wp\/v2\/posts"}],"about":[{"href":"https:\/\/foro1025.mx\/index.php?rest_route=\/wp\/v2\/types\/post"}],"author":[{"embeddable":true,"href":"https:\/\/foro1025.mx\/index.php?rest_route=\/wp\/v2\/users\/1"}],"replies":[{"embeddable":true,"href":"https:\/\/foro1025.mx\/index.php?rest_route=%2Fwp%2Fv2%2Fcomments&post=11749"}],"version-history":[{"count":1,"href":"https:\/\/foro1025.mx\/index.php?rest_route=\/wp\/v2\/posts\/11749\/revisions"}],"predecessor-version":[{"id":11751,"href":"https:\/\/foro1025.mx\/index.php?rest_route=\/wp\/v2\/posts\/11749\/revisions\/11751"}],"wp:attachment":[{"href":"https:\/\/foro1025.mx\/index.php?rest_route=%2Fwp%2Fv2%2Fmedia&parent=11749"}],"wp:term":[{"taxonomy":"category","embeddable":true,"href":"https:\/\/foro1025.mx\/index.php?rest_route=%2Fwp%2Fv2%2Fcategories&post=11749"},{"taxonomy":"post_tag","embeddable":true,"href":"https:\/\/foro1025.mx\/index.php?rest_route=%2Fwp%2Fv2%2Ftags&post=11749"}],"curies":[{"name":"wp","href":"https:\/\/api.w.org\/{rel}","templated":true}]}}