{"id":11883,"date":"2020-09-28T12:18:07","date_gmt":"2020-09-28T17:18:07","guid":{"rendered":"https:\/\/foro1025.mx\/?p=11883"},"modified":"2020-09-28T12:18:07","modified_gmt":"2020-09-28T17:18:07","slug":"conmemora-gobierno-de-coacalco-dia-naranja","status":"publish","type":"post","link":"https:\/\/foro1025.mx\/?p=11883","title":{"rendered":"Conmemora gobierno de Coacalco D\u00eda Naranja"},"content":{"rendered":"<ul>\n<li><i>En esta ocasi\u00f3n y en el marco del \u201cD\u00eda Nacional para la Prevenci\u00f3n del Embarazo No Planificado en Adolescentes\u201d, se realiz\u00f3 una pl\u00e1tica sobre el tema a j\u00f3venes del CBTIS 133<\/i><\/li>\n<\/ul>\n<p class=\"p5\">\u00a0Gobierno de Coacalco, encabezado por el alcalde Darwin Eslava, conmemor\u00f3 el D\u00eda Naranja con una conferencia sobre la Prevenci\u00f3n del Embarazo No Planificado en Adolescentes dirigida a la comunidad estudiantil y profesorado del CBTIS 133, ubicado en Villa de las Flores.<\/p>\n<p class=\"p5\">En esta ocasi\u00f3n la tem\u00e1tica se centr\u00f3 en la conmemoraci\u00f3n del D\u00eda Nacional para la Prevenci\u00f3n del Embarazo No Planificado en Adolescentes, establecido cada 26 de septiembre, y la pl\u00e1tica la imparti\u00f3 la especialista Lourdes Remigio, quien habl\u00f3 sobre las implicaciones f\u00edsicas, econ\u00f3micas y emocionales que las y los adolescentes pasan al tener un embarazo prematuro.<\/p>\n<p class=\"p5\">Organizada por el Instituto Municipal para la Defensa de los Derechos de la Mujer, esta actividad forma parte de las acciones que la Administraci\u00f3n 2019-2021 implement\u00f3 desde el inicio de la misma para actuar, generar conciencia, prevenir y eliminar la violencia contra mujeres y ni\u00f1as as\u00ed como para impulsar la Agenda 2030 que dentro de sus objetivos establece, en materia de salud, el bienestar general de la ciudadan\u00eda y el impulso a ciudades y comunidades sostenibles.<\/p>\n<p class=\"p5\">Dentro de la conferencia se explic\u00f3 a las y los j\u00f3venes participantes la importancia de conocer sus derechos, su sexualidad y no sentirse presionados en ninguno de los \u00e1mbitos de su vida personal.<\/p>\n<p class=\"p5\">El Instituto de la Mujer atiende a la ciudadan\u00eda coacalquense con terapias psicol\u00f3gicas, actividades virtuales grupos de crecimiento y talleres, as\u00ed como atenciones jur\u00eddicas, denuncias en l\u00ednea, visitas domiciliarias, referencia de casos acompa\u00f1amiento e intervenci\u00f3n en crisis.<\/p>\n<p class=\"p5\">Para comunicarte al Instituto y solicitar alguno de estos servicios el n\u00famero es 55 7869 8286.<\/p>\n","protected":false},"excerpt":{"rendered":"<div class=\"mh-excerpt\"><p>En esta ocasi\u00f3n y en el marco del \u201cD\u00eda Nacional para la Prevenci\u00f3n del Embarazo <a class=\"mh-excerpt-more\" href=\"https:\/\/foro1025.mx\/?p=11883\" title=\"Conmemora gobierno de Coacalco D\u00eda Naranja\">&#8230;<\/a><\/p>\n<\/div>","protected":false},"author":1,"featured_media":0,"comment_status":"closed","ping_status":"closed","sticky":false,"template":"","format":"standard","meta":{"footnotes":""},"categories":[7],"tags":[],"class_list":{"0":"post-11883","1":"post","2":"type-post","3":"status-publish","4":"format-standard","6":"category-coacalco"},"_links":{"self":[{"href":"https:\/\/foro1025.mx\/index.php?rest_route=\/wp\/v2\/posts\/11883","targetHints":{"allow":["GET"]}}],"collection":[{"href":"https:\/\/foro1025.mx\/index.php?rest_route=\/wp\/v2\/posts"}],"about":[{"href":"https:\/\/foro1025.mx\/index.php?rest_route=\/wp\/v2\/types\/post"}],"author":[{"embeddable":true,"href":"https:\/\/foro1025.mx\/index.php?rest_route=\/wp\/v2\/users\/1"}],"replies":[{"embeddable":true,"href":"https:\/\/foro1025.mx\/index.php?rest_route=%2Fwp%2Fv2%2Fcomments&post=11883"}],"version-history":[{"count":1,"href":"https:\/\/foro1025.mx\/index.php?rest_route=\/wp\/v2\/posts\/11883\/revisions"}],"predecessor-version":[{"id":11885,"href":"https:\/\/foro1025.mx\/index.php?rest_route=\/wp\/v2\/posts\/11883\/revisions\/11885"}],"wp:attachment":[{"href":"https:\/\/foro1025.mx\/index.php?rest_route=%2Fwp%2Fv2%2Fmedia&parent=11883"}],"wp:term":[{"taxonomy":"category","embeddable":true,"href":"https:\/\/foro1025.mx\/index.php?rest_route=%2Fwp%2Fv2%2Fcategories&post=11883"},{"taxonomy":"post_tag","embeddable":true,"href":"https:\/\/foro1025.mx\/index.php?rest_route=%2Fwp%2Fv2%2Ftags&post=11883"}],"curies":[{"name":"wp","href":"https:\/\/api.w.org\/{rel}","templated":true}]}}