{"id":11886,"date":"2020-09-28T12:19:36","date_gmt":"2020-09-28T17:19:36","guid":{"rendered":"https:\/\/foro1025.mx\/?p=11886"},"modified":"2020-09-28T12:19:36","modified_gmt":"2020-09-28T17:19:36","slug":"gobierno-de-coacalco-inicia-jornadas-de-empleo-de-manera-virtual","status":"publish","type":"post","link":"https:\/\/foro1025.mx\/?p=11886","title":{"rendered":"Gobierno de Coacalco inicia Jornadas de Empleo de manera virtual"},"content":{"rendered":"<ul>\n<li><i>Se efectuar\u00e1 el pr\u00f3ximo mi\u00e9rcoles 30 de septiembre y se ofertar\u00e1n cerca de 130 vacantes laborales<\/i><\/li>\n<\/ul>\n<ul class=\"ul1\">\n<li class=\"li2\"><i>En esta sesi\u00f3n a trav\u00e9s de la plataforma Zoom participar\u00e1n 10 empresas <\/i><\/li>\n<\/ul>\n<p class=\"p4\">Acatando los lineamientos que demanda la nueva normalidad y para mayor seguridad de la ciudadan\u00edas coacalquense, el Gobierno Municipal, encabezado por el Alcalde Darwin Eslava, retomar\u00e1 las jornadas de empleo, ahora de manera virtual, con la finalidad de acercar a los solicitantes vacantes laborales dignas.<\/p>\n<p class=\"p4\">La direcci\u00f3n de Desarrollo Econ\u00f3mico inform\u00f3 que dicha jornada, a trav\u00e9s de la plataforma Zoom, se llevar\u00e1 a cabo el mi\u00e9rcoles 30 de septiembre a las 11:00 horas y en esta participar\u00e1n 10 empresas, mismas que ofertar\u00e1n cerca de 130 vacantes.<\/p>\n<p class=\"p4\">Detall\u00f3 que los solicitantes deber\u00e1n registrarse previamente en el link https:\/\/forms.gle\/o46MRMynkFWGkn4aA, para que el d\u00eda de la jornada se les d\u00e9 el acceso a la plataforma y puedan recibir la informaci\u00f3n de las plazas labores que se ofrecer\u00e1n.<\/p>\n<p class=\"p4\">Puntualiz\u00f3 que se prev\u00e9 que la sesi\u00f3n virtual tenga una duraci\u00f3n de dos horas, tiempo en el que cada empresa presentar\u00e1 sus vacantes y los interesados en alguna de ellas ser\u00e1n contactados para que env\u00eden su curr\u00edculum.<\/p>\n<p class=\"p4\">La dependencia municipal resalt\u00f3 que el objetivo es efectuar jornadas laborales virtuales de manera peri\u00f3dica, para as\u00ed dar continuidad a las presenciales que se realizaban hasta antes de la pandemia en el kiosko de la explanada municipal.<\/p>\n<p class=\"p4\">Entre las empresas que participar\u00e1n en el pr\u00f3ximo mi\u00e9rcoles 30 se encuentran Industriales MX, Coparme, Seguritas, Lubricantes Akon, DC Arton, por mencionar s\u00f3lo algunas.<\/p>\n<p class=\"p4\">Los buscadores de empleo que deseen participar se pueden comunicar para mayor informaci\u00f3n al tel\u00e9fono 55 5898 9993 extensi\u00f3n 2062, donde se les brindar\u00e1 la asesor\u00eda requerida.<\/p>\n","protected":false},"excerpt":{"rendered":"<div class=\"mh-excerpt\"><p>Se efectuar\u00e1 el pr\u00f3ximo mi\u00e9rcoles 30 de septiembre y se ofertar\u00e1n cerca de 130 vacantes <a class=\"mh-excerpt-more\" href=\"https:\/\/foro1025.mx\/?p=11886\" title=\"Gobierno de Coacalco inicia Jornadas de Empleo de manera virtual\">&#8230;<\/a><\/p>\n<\/div>","protected":false},"author":1,"featured_media":0,"comment_status":"closed","ping_status":"closed","sticky":false,"template":"","format":"standard","meta":{"footnotes":""},"categories":[7],"tags":[],"class_list":{"0":"post-11886","1":"post","2":"type-post","3":"status-publish","4":"format-standard","6":"category-coacalco"},"_links":{"self":[{"href":"https:\/\/foro1025.mx\/index.php?rest_route=\/wp\/v2\/posts\/11886","targetHints":{"allow":["GET"]}}],"collection":[{"href":"https:\/\/foro1025.mx\/index.php?rest_route=\/wp\/v2\/posts"}],"about":[{"href":"https:\/\/foro1025.mx\/index.php?rest_route=\/wp\/v2\/types\/post"}],"author":[{"embeddable":true,"href":"https:\/\/foro1025.mx\/index.php?rest_route=\/wp\/v2\/users\/1"}],"replies":[{"embeddable":true,"href":"https:\/\/foro1025.mx\/index.php?rest_route=%2Fwp%2Fv2%2Fcomments&post=11886"}],"version-history":[{"count":1,"href":"https:\/\/foro1025.mx\/index.php?rest_route=\/wp\/v2\/posts\/11886\/revisions"}],"predecessor-version":[{"id":11888,"href":"https:\/\/foro1025.mx\/index.php?rest_route=\/wp\/v2\/posts\/11886\/revisions\/11888"}],"wp:attachment":[{"href":"https:\/\/foro1025.mx\/index.php?rest_route=%2Fwp%2Fv2%2Fmedia&parent=11886"}],"wp:term":[{"taxonomy":"category","embeddable":true,"href":"https:\/\/foro1025.mx\/index.php?rest_route=%2Fwp%2Fv2%2Fcategories&post=11886"},{"taxonomy":"post_tag","embeddable":true,"href":"https:\/\/foro1025.mx\/index.php?rest_route=%2Fwp%2Fv2%2Ftags&post=11886"}],"curies":[{"name":"wp","href":"https:\/\/api.w.org\/{rel}","templated":true}]}}