{"id":11996,"date":"2020-09-30T18:16:25","date_gmt":"2020-09-30T23:16:25","guid":{"rendered":"https:\/\/foro1025.mx\/?p=11996"},"modified":"2020-09-30T18:16:25","modified_gmt":"2020-09-30T23:16:25","slug":"recibe-voluntariado-isem-70-mil-cubrebocas-de-parte-de-una-organizacion-religiosa","status":"publish","type":"post","link":"https:\/\/foro1025.mx\/?p=11996","title":{"rendered":"Recibe voluntariado ISEM 70 mil cubrebocas de parte de una organizaci\u00f3n religiosa"},"content":{"rendered":"<p class=\"p3\"><i>\u2022 Muestra la respuesta y compromiso que han emprendido asociaciones y organizaciones civiles en la prevenci\u00f3n de COVID-19.<\/i><\/p>\n<p class=\"p3\"><i>\u2022 Destinar\u00e1n estos insumos a poblaci\u00f3n en general y familiares de pacientes que son atendidos en unidades m\u00e9dicas del ISEM e IMIEM.<\/i><\/p>\n<p class=\"p3\"><b>Toluca, Estado de M\u00e9xico.- <\/b>El Voluntariado del Instituto de Salud del Estado de M\u00e9xico (ISEM), AC, recibi\u00f3 de parte de La Iglesia de Jesucristo de los Santos de los \u00daltimos D\u00edas en M\u00e9xico, 70 mil cubrebocas de tela que ser\u00e1n entregados a familiares de pacientes que se encuentran en unidades hospitalarias de la entidad y a personas privadas de la libertad.<\/p>\n<p class=\"p3\">Al respecto, la Presidenta Honoraria del Voluntariado del ISEM, AC, Mercedes Rangel de O\u2019Shea, agradeci\u00f3 este importante donativo y refiri\u00f3 que este acto muestra la respuesta y compromiso que han emprendido l\u00edderes religiosos con la finalidad de coadyuvar en la prevenci\u00f3n de la infecci\u00f3n respiratoria que causa el virus SARS-CoV-2.<\/p>\n<p class=\"p3\">Reiter\u00f3 la unidad entre mexiquenses y el fortalecimiento en la relaci\u00f3n interinstitucional del Gobierno que encabeza Alfredo Del Mazo Maza, ya que durante la pandemia de COVID-19, se ha trabajado de la mano con asociaciones y organizaciones civiles que promueven la paz y solidaridad.<\/p>\n<p class=\"p3\">Tambi\u00e9n se\u00f1al\u00f3 que dichos insumos se destinar\u00e1n a la poblaci\u00f3n en general, a los familiares de pacientes que son atendidos en las unidades m\u00e9dicas del ISEM e Instituto Materno Infantil del Estado de M\u00e9xico (IMIEM) de la Secretar\u00eda de Salud, que encabeza el Doctor Gabriel O\u2019Shea Cuevas.<\/p>\n<p class=\"p3\">Agreg\u00f3 que otra cantidad ser\u00e1 entregada a las personas privadas de la libertad en el Sistema Penitenciario de la Secretar\u00eda de Seguridad del Estado de M\u00e9xico y puntualiz\u00f3 que los cubrebocas ser\u00e1n entregados por las y los T\u00e9cnicos de Atenci\u00f3n Primaria a la Salud del ISEM.<\/p>\n<p class=\"p3\">Al evento donde se hizo entrega de este donativo acudieron el Coordinador de Salud del ISEM, Carlos Aranza Doniz, el Gerente de Operaciones del \u00c1rea de Bienestar en M\u00e9xico, Antonio Varela Medina, el Subdirector de Prevenci\u00f3n y Control de Enfermedades del ISEM, Godwin Gonz\u00e1lez Estrada, la Directora General del IMIEM, M\u00f3nica P\u00e9rez Sant\u00edn y el Director General de Prevenci\u00f3n y Reinserci\u00f3n Social, Jaime Echartea Mojica.<\/p>\n","protected":false},"excerpt":{"rendered":"<div class=\"mh-excerpt\"><p>\u2022 Muestra la respuesta y compromiso que han emprendido asociaciones y organizaciones civiles en la <a class=\"mh-excerpt-more\" href=\"https:\/\/foro1025.mx\/?p=11996\" title=\"Recibe voluntariado ISEM 70 mil cubrebocas de parte de una organizaci\u00f3n religiosa\">&#8230;<\/a><\/p>\n<\/div>","protected":false},"author":1,"featured_media":0,"comment_status":"closed","ping_status":"closed","sticky":false,"template":"","format":"standard","meta":{"footnotes":""},"categories":[13,25],"tags":[],"class_list":{"0":"post-11996","1":"post","2":"type-post","3":"status-publish","4":"format-standard","6":"category-estado-de-mexico","7":"category-salud-y-ciencia"},"_links":{"self":[{"href":"https:\/\/foro1025.mx\/index.php?rest_route=\/wp\/v2\/posts\/11996","targetHints":{"allow":["GET"]}}],"collection":[{"href":"https:\/\/foro1025.mx\/index.php?rest_route=\/wp\/v2\/posts"}],"about":[{"href":"https:\/\/foro1025.mx\/index.php?rest_route=\/wp\/v2\/types\/post"}],"author":[{"embeddable":true,"href":"https:\/\/foro1025.mx\/index.php?rest_route=\/wp\/v2\/users\/1"}],"replies":[{"embeddable":true,"href":"https:\/\/foro1025.mx\/index.php?rest_route=%2Fwp%2Fv2%2Fcomments&post=11996"}],"version-history":[{"count":1,"href":"https:\/\/foro1025.mx\/index.php?rest_route=\/wp\/v2\/posts\/11996\/revisions"}],"predecessor-version":[{"id":11998,"href":"https:\/\/foro1025.mx\/index.php?rest_route=\/wp\/v2\/posts\/11996\/revisions\/11998"}],"wp:attachment":[{"href":"https:\/\/foro1025.mx\/index.php?rest_route=%2Fwp%2Fv2%2Fmedia&parent=11996"}],"wp:term":[{"taxonomy":"category","embeddable":true,"href":"https:\/\/foro1025.mx\/index.php?rest_route=%2Fwp%2Fv2%2Fcategories&post=11996"},{"taxonomy":"post_tag","embeddable":true,"href":"https:\/\/foro1025.mx\/index.php?rest_route=%2Fwp%2Fv2%2Ftags&post=11996"}],"curies":[{"name":"wp","href":"https:\/\/api.w.org\/{rel}","templated":true}]}}