{"id":11999,"date":"2020-09-30T18:19:31","date_gmt":"2020-09-30T23:19:31","guid":{"rendered":"https:\/\/foro1025.mx\/?p=11999"},"modified":"2020-09-30T18:19:31","modified_gmt":"2020-09-30T23:19:31","slug":"inician-gem-y-gs1-mexico-segunda-edicion-del-programa-de-profesionalizacion-para-mipymes-2020","status":"publish","type":"post","link":"https:\/\/foro1025.mx\/?p=11999","title":{"rendered":"Inician GEM y Gs1 M\u00e9xico segunda edici\u00f3n del Programa de Profesionalizaci\u00f3n para MIPYMES 2020"},"content":{"rendered":"<p class=\"p3\"><i>\u2022 Est\u00e1 orientado a respaldar el fortalecimiento del sector productivo en la entidad, poniendo a su alcance conocimiento, experiencia y estrategias de mercado.<\/i><\/p>\n<p class=\"p3\"><i>\u2022 Tratan temas referentes al c\u00f3digo de barras, registro de marca, etiquetado, lineamientos fiscales, empaque, e-commerce, log\u00edstica y exportaci\u00f3n.<\/i><\/p>\n<p class=\"p3\"><i>\u2022 Participan casi 200 empresas, el doble de las que intervinieron en el ejercicio de 2019, para convertirse en potenciales proveedores de cadenas comerciales.<\/i><\/p>\n<p class=\"p3\"><b>Toluca, Estado de M\u00e9xico.- <\/b>\u00a0la participaci\u00f3n de casi 200 empresas arranc\u00f3 el Programa de Profesionalizaci\u00f3n para micro, peque\u00f1as y medianas empresas (Mipymes) 2020, orientado a respaldar el fortalecimiento de este sector productivo en la entidad.<\/p>\n<p class=\"p3\">Este programa conjunta esfuerzos del Gobierno del Estado de M\u00e9xico, GS1 M\u00e9xico y la Asociaci\u00f3n Nacional de Tiendas de Autoservicio y Departamentales (ANTAD), para convertir empresas en potenciales proveedores de cadenas comerciales, afirm\u00f3 el Secretario de Desarrollo Econ\u00f3mico (Sedeco), Enrique Jacob Rocha.<\/p>\n<p class=\"p3\">Durante la apertura de la segunda edici\u00f3n, acompa\u00f1ado por Juan Carlos Molina Robledo, Director General de GS1 M\u00e9xico, e Ignacio Tatto Amador, Director de Operaci\u00f3n de la ANTAD, el Secretario se\u00f1al\u00f3 que el programa es un compromiso del Gobernador Alfredo Del Mazo para dar acceso al conocimiento y al aprendizaje a fin de fortalecer las habilidades y capacidades empresariales.<\/p>\n<p class=\"p3\">Adem\u00e1s, el Programa de Profesionalizaci\u00f3n de Empresas de GS1 M\u00e9xico permitir\u00e1 a las Mipymes sumarse como proveedoras de empresas asociadas de la ANTAD, formar parte de la Red Empresarial Mexiquense, apuntalar su desarrollo y obtener vinculaciones, incentivos y programas permanentes de capacitaci\u00f3n.<\/p>\n<p class=\"p3\">El programa se desarrollar\u00e1 en diferentes etapas, en las que las empresas recibir\u00e1n informaci\u00f3n sobre temas especializados en c\u00f3digo de barras, registro de marca, etiquetado, lineamientos fiscales, empaque, e-commerce, log\u00edstica y exportaci\u00f3n, luego ser\u00e1n sometidas a evaluaci\u00f3n, para terminar con su integraci\u00f3n a la cadena comercial.<\/p>\n<p class=\"p3\">Ah\u00ed se generar\u00e1n mesas de negociaciones en distintos formatos, entre ellos la plataforma ANTAD biz, Expo ANTAD &amp; Alimentaria que ser\u00e1 en l\u00ednea y ANTAD Retail Connection para negociar de manera directa con 19 cadenas comerciales como Palacio de Hierro, Liverpool, Soriana, Chedraui, La Comer y OXXO, entre otras.<\/p>\n<p class=\"p3\">Jacob Rocha destac\u00f3 que, junto con estas acciones, el Gobierno mexiquense impulsa la creaci\u00f3n de la Red Empresarial Mexiquense para alinear los apoyos de los distintos aliados del entorno para apoyar a los peque\u00f1os empresarios, con recursos, productos, programas y apoyos que fortalezcan sus capacidades operativas, la incorporaci\u00f3n de nuevas tecnolog\u00edas, formalizaci\u00f3n e inclusi\u00f3n financiera.<\/p>\n<p class=\"p3\">Asimismo, mencion\u00f3 que en esta edici\u00f3n participan casi 200 empresas, lo cual es significativo dado el complejo entorno econ\u00f3mico ocasionado por la contingencia de salud que ha puesto a prueba la capacidad y fortaleza del sector empresarial.<\/p>\n<p class=\"p3\">Se\u00f1al\u00f3 que las empresas de menor tama\u00f1o, redujeron sus ingresos, y todas han tenido que hacer cambios para adaptarse y continuar con sus operaciones.<\/p>\n<p class=\"p3\">Por su parte, Juan Carlos Molina Robledo, Director General de GS1 M\u00e9xico precis\u00f3 que la vinculaci\u00f3n con la Sedeco, a trav\u00e9s de un convenio de colaboraci\u00f3n, refuerza el compromiso de impulsar la econom\u00eda de las empresas mexiquenses.<\/p>\n<p class=\"p3\">Expres\u00f3 que el camino hacia el \u00e9xito y crecimiento es la colaboraci\u00f3n, por lo que hacer sinergia y trabajar de la mano con organismos como la ANTAD, permite crear empresas m\u00e1s fuertes.<\/p>\n<p class=\"p3\">Cabe mencionar que, en la primera edici\u00f3n de 2019, de las 100 empresas participantes, al finalizar las distintas etapas del programa, fueron seleccionadas 52, que tuvieron la oportunidad de incorporarse a la plataforma de ANTAD Retail Connection y se vieron beneficiadas con el desarrollo y crecimiento de su empresa al llevarla al siguiente nivel y hablar el lenguaje mundial de los negocios.<\/p>\n<p class=\"p3\">Durante el desarrollo del evento tambi\u00e9n estuvieron presentes, Gerardo Brehm Sordo, Director de Marketing y Relaciones Institucionales de GS1 M\u00e9xico, Juan Pedrozo Gonz\u00e1lez, Director General de Comercio, as\u00ed como integrantes de la comunidad emprendedora y empresarial del Estado de M\u00e9xico.<\/p>\n","protected":false},"excerpt":{"rendered":"<div class=\"mh-excerpt\"><p>\u2022 Est\u00e1 orientado a respaldar el fortalecimiento del sector productivo en la entidad, poniendo a <a class=\"mh-excerpt-more\" href=\"https:\/\/foro1025.mx\/?p=11999\" title=\"Inician GEM y Gs1 M\u00e9xico segunda edici\u00f3n del Programa de Profesionalizaci\u00f3n para MIPYMES 2020\">&#8230;<\/a><\/p>\n<\/div>","protected":false},"author":1,"featured_media":0,"comment_status":"closed","ping_status":"closed","sticky":false,"template":"","format":"standard","meta":{"footnotes":""},"categories":[13],"tags":[],"class_list":{"0":"post-11999","1":"post","2":"type-post","3":"status-publish","4":"format-standard","6":"category-estado-de-mexico"},"_links":{"self":[{"href":"https:\/\/foro1025.mx\/index.php?rest_route=\/wp\/v2\/posts\/11999","targetHints":{"allow":["GET"]}}],"collection":[{"href":"https:\/\/foro1025.mx\/index.php?rest_route=\/wp\/v2\/posts"}],"about":[{"href":"https:\/\/foro1025.mx\/index.php?rest_route=\/wp\/v2\/types\/post"}],"author":[{"embeddable":true,"href":"https:\/\/foro1025.mx\/index.php?rest_route=\/wp\/v2\/users\/1"}],"replies":[{"embeddable":true,"href":"https:\/\/foro1025.mx\/index.php?rest_route=%2Fwp%2Fv2%2Fcomments&post=11999"}],"version-history":[{"count":1,"href":"https:\/\/foro1025.mx\/index.php?rest_route=\/wp\/v2\/posts\/11999\/revisions"}],"predecessor-version":[{"id":12001,"href":"https:\/\/foro1025.mx\/index.php?rest_route=\/wp\/v2\/posts\/11999\/revisions\/12001"}],"wp:attachment":[{"href":"https:\/\/foro1025.mx\/index.php?rest_route=%2Fwp%2Fv2%2Fmedia&parent=11999"}],"wp:term":[{"taxonomy":"category","embeddable":true,"href":"https:\/\/foro1025.mx\/index.php?rest_route=%2Fwp%2Fv2%2Fcategories&post=11999"},{"taxonomy":"post_tag","embeddable":true,"href":"https:\/\/foro1025.mx\/index.php?rest_route=%2Fwp%2Fv2%2Ftags&post=11999"}],"curies":[{"name":"wp","href":"https:\/\/api.w.org\/{rel}","templated":true}]}}