{"id":12042,"date":"2020-10-06T15:44:34","date_gmt":"2020-10-06T20:44:34","guid":{"rendered":"https:\/\/foro1025.mx\/?p=12042"},"modified":"2020-10-06T15:44:34","modified_gmt":"2020-10-06T20:44:34","slug":"formaliza-ernesto-nemer-el-arranque-de-las-tareas-de-nuevos-secretarios-del-gabinete-estatal","status":"publish","type":"post","link":"https:\/\/foro1025.mx\/?p=12042","title":{"rendered":"Formaliza Ernesto Nemer el arranque de las tareas de nuevos secretarios del gabinete estatal"},"content":{"rendered":"<p class=\"p3\"><i>\u2022 Subraya Secretario General de Gobierno que fusi\u00f3n de Secretar\u00edas es resultado del esfuerzo de Alfredo Del Mazo para lograr hacer m\u00e1s con menos.<\/i><\/p>\n<p class=\"p3\"><b>Toluca, Estado de M\u00e9xico.- <\/b>Ernesto Nemer \u00c1lvarez, Secretario General de Gobierno del Estado de M\u00e9xico, dio posesi\u00f3n a los nuevos Secretarios que present\u00f3 el Gobernador Alfredo Del Mazo Maza, para formalizar el arranque de sus respectivas tareas.<\/p>\n<p class=\"p3\">Al hacer el cambio de estafeta en la Secretar\u00eda de Educaci\u00f3n, donde Alejandro Fern\u00e1ndez Campillo entreg\u00f3 la responsabilidad a Gerardo Monroy Serrano, expres\u00f3 su reconocimiento a nombre del Gobernador del estado, a todos los m\u00e1s de 240 mil servidores p\u00fablicos de esta dependencia y subray\u00f3 que mejorar la calidad educativa y ampliar su cobertura, son prioridades para la actual administraci\u00f3n.<\/p>\n<p class=\"p3\">Al acompa\u00f1ar la protesta del nuevo Secretario de Movilidad, Luis Lim\u00f3n Ch\u00e1vez, dio cuenta del gran esfuerzo del Gobernador Alfredo Del Mazo para fusionar algunas Secretar\u00edas, los principales retos ser\u00e1n hacer m\u00e1s con menos y, fundamentalmente, alinear las tareas de las dos dependencias que se unen para lograr que los 34 millones de viajes diarios que se registran en territorio mexiquense -adem\u00e1s a la cercan\u00eda de la Ciudad de M\u00e9xico- vayan de la mano con un elemento vital que y de trascendencia, que es la seguridad.<\/p>\n<p class=\"p3\">Nemer \u00c1lvarez reconoci\u00f3 a quien hoy dej\u00f3 la titularidad de este sector, Raymundo Mart\u00ednez Carbajal, a quien a nombre del Gobernador, reconoci\u00f3 por su trabajo lealtad y eficacia y subray\u00f3 que el nuevo titular de Movilidad, es un hombre probo y sin lugar a dudas un comprometido servidor p\u00fablico que dar\u00e1 los resultados esperados en esta nueva tarea.<\/p>\n<p class=\"p3\">Asimismo, dio posesi\u00f3n a Marcela Gonz\u00e1lez Salas como Secretaria de Cultura y Turismo, destacando que la fusi\u00f3n de estas dos importantes \u00e1reas, se traducir\u00e1 en el fortalecimiento y promoci\u00f3n de la riqueza cultural y las tradiciones del Estado de M\u00e9xico.<\/p>\n<p class=\"p3\">Al reconocer la lealtad y compromiso de Andr\u00e9s Massieu Fern\u00e1ndez al frente de la Secretar\u00eda de Desarrollo Urbano y Metropolitano, Ernesto Nemer acompa\u00f1\u00f3 tambi\u00e9n el relevo que ahora queda en manos de Rafael D\u00edaz Leal Barrueta, y expres\u00f3 la confianza del Gobernador Alfredo Del Mazo, en que las \u00e1reas que se fusionan en este caso lograr\u00e1n la alineaci\u00f3n que se requiere para eficientar el gasto y entregar buenas cuentas a los mexiquenses en esta materia.<\/p>\n<p class=\"p3\">De igual forma, el responsable de la pol\u00edtica interior del estado entreg\u00f3 formalmente la Secretar\u00eda del Campo a Mercedes Col\u00edn Guadarrama, reconociendo su amplia experiencia en el servicio p\u00fablico, donde la nueva titular de la dependencia resalt\u00f3 que en ella se suma el trabajo de muchas mujeres valiosas a quienes se les dar\u00e1 todo el apoyo para cumplir los compromisos con el campo mexiquense.<\/p>\n<p class=\"p3\">Al reunirse con personal de la Secretar\u00eda de Seguridad, Nemer \u00c1lvarez reconoci\u00f3 la trayectoria impecable de Maribel Cervantes, quien hoy dej\u00f3 la titularidad de dicha instituci\u00f3n, as\u00ed como el trabajo de campo que realizan servidoras y servidores p\u00fablicos de la misma, y reiter\u00f3 que la seguridad es la m\u00e1s alta prioridad del gobierno de Alfredo Del Mazo Maza.<\/p>\n<p class=\"p3\">\u201cNo obstante la complejidad del tema por lo amplio del territorio mexiquense y sus colindancias, existe la voluntad y el compromiso por redoblar esfuerzos en este tema\u201d, afirm\u00f3 Ernesto Nemer, para luego formalizar el arranque de una nueva etapa en esta secretar\u00eda, que encabeza a partir de hoy Rodrigo Mart\u00ednez-Celis, funcionario de gran experiencia y profesionalismo, sostuvo.<\/p>\n<p class=\"p3\">Asimismo, Mar\u00eda Isabel S\u00e1nchez Holgu\u00edn recibi\u00f3 la estafeta como la primera Secretaria de la Mujer en el estado, resaltando el gran compromiso del titular del Ejecutivo con las mujeres, que queda de manifiesto al tomar la decisi\u00f3n de reestructurar su gobierno para darle a los temas de igualdad y combate a la violencia de g\u00e9nero, el peso que merecen en un estado con m\u00e1s de 16 millones de habitantes, con enormes retos.<\/p>\n<p class=\"p3\">De esta manera, el Secretario General de Gobierno expres\u00f3 a quienes hoy iniciaron una nueva responsabilidad al frente de las Secretar\u00edas del Gabinete, la confianza depositada en sus capacidades para cumplir a las y los mexiquenses.<\/p>\n","protected":false},"excerpt":{"rendered":"<div class=\"mh-excerpt\"><p>\u2022 Subraya Secretario General de Gobierno que fusi\u00f3n de Secretar\u00edas es resultado del esfuerzo de <a class=\"mh-excerpt-more\" href=\"https:\/\/foro1025.mx\/?p=12042\" title=\"Formaliza Ernesto Nemer el arranque de las tareas de nuevos secretarios del gabinete estatal\">&#8230;<\/a><\/p>\n<\/div>","protected":false},"author":1,"featured_media":0,"comment_status":"closed","ping_status":"closed","sticky":false,"template":"","format":"standard","meta":{"footnotes":""},"categories":[13,39],"tags":[],"class_list":{"0":"post-12042","1":"post","2":"type-post","3":"status-publish","4":"format-standard","6":"category-estado-de-mexico","7":"category-principales"},"_links":{"self":[{"href":"https:\/\/foro1025.mx\/index.php?rest_route=\/wp\/v2\/posts\/12042","targetHints":{"allow":["GET"]}}],"collection":[{"href":"https:\/\/foro1025.mx\/index.php?rest_route=\/wp\/v2\/posts"}],"about":[{"href":"https:\/\/foro1025.mx\/index.php?rest_route=\/wp\/v2\/types\/post"}],"author":[{"embeddable":true,"href":"https:\/\/foro1025.mx\/index.php?rest_route=\/wp\/v2\/users\/1"}],"replies":[{"embeddable":true,"href":"https:\/\/foro1025.mx\/index.php?rest_route=%2Fwp%2Fv2%2Fcomments&post=12042"}],"version-history":[{"count":1,"href":"https:\/\/foro1025.mx\/index.php?rest_route=\/wp\/v2\/posts\/12042\/revisions"}],"predecessor-version":[{"id":12044,"href":"https:\/\/foro1025.mx\/index.php?rest_route=\/wp\/v2\/posts\/12042\/revisions\/12044"}],"wp:attachment":[{"href":"https:\/\/foro1025.mx\/index.php?rest_route=%2Fwp%2Fv2%2Fmedia&parent=12042"}],"wp:term":[{"taxonomy":"category","embeddable":true,"href":"https:\/\/foro1025.mx\/index.php?rest_route=%2Fwp%2Fv2%2Fcategories&post=12042"},{"taxonomy":"post_tag","embeddable":true,"href":"https:\/\/foro1025.mx\/index.php?rest_route=%2Fwp%2Fv2%2Ftags&post=12042"}],"curies":[{"name":"wp","href":"https:\/\/api.w.org\/{rel}","templated":true}]}}