{"id":12054,"date":"2020-10-06T16:01:46","date_gmt":"2020-10-06T21:01:46","guid":{"rendered":"https:\/\/foro1025.mx\/?p=12054"},"modified":"2020-10-06T16:25:04","modified_gmt":"2020-10-06T21:25:04","slug":"inaugura-raciel-perez-cruz-rehabilitacion-del-parque-de-los-ninos","status":"publish","type":"post","link":"https:\/\/foro1025.mx\/?p=12054","title":{"rendered":"Inaugura Raciel P\u00e9rez Cruz rehabilitaci\u00f3n del Parque de los Ni\u00f1os"},"content":{"rendered":"<p class=\"p3\">Raciel P\u00e9rez Cruz, Presidente Municipal de Tlalnepantla, entreg\u00f3 la rehabilitaci\u00f3n del Parque de los Ni\u00f1os, en el fraccionamiento Las Arboledas, que contempla equipamiento y construcci\u00f3n de \u00e1reas verdes, para beneficio de esta comunidad. El Edil entreg\u00f3 \u00e1rboles a los habitantes de la zona.<\/p>\n<p class=\"p3\">Alberto Vald\u00e9s Rodr\u00edguez, director de Infraestructura Urbana, se\u00f1al\u00f3 que el gobierno municipal intervino en un parque que fue abandonado por mucho tiempo y no se le daba mantenimiento, \u00abhoy fue rehabilitado para beneficio de esta comunidad\u00bb.<\/p>\n<p class=\"p3\">Explic\u00f3 que en la rehabilitaci\u00f3n de este espacio recreativo ubicado en Calzada de los Jinetes y avenida Parque de los Ni\u00f1os, se realizaron trabajos de construcci\u00f3n de andadores con concreto estampado, guarniciones perimetrales, colocaci\u00f3n de capas de filtros con grava, pozos de absorci\u00f3n y aplicaci\u00f3n de pintura con micro esfera.<\/p>\n<p class=\"p3\">Tambi\u00e9n mantenimiento en \u00e1reas verdes, construcci\u00f3n de una jardinera central, sembrado de plantas de ornato como array\u00e1n, amaranto, duranta y ficus. Se instalaron bancas tipo poliedro urbano, juegos infantiles y luminarias, construcci\u00f3n de registros, nichos el\u00e9ctricos rampas para discapacitados y aplicaci\u00f3n de pintura en guarniciones y se\u00f1alizaci\u00f3n, entre otros.<\/p>\n<p class=\"p3\">Raciel P\u00e9rez Cruz se\u00f1al\u00f3 que en esta zona se trabaja en materia de seguridad con operativos constantes y se refuerza la prevenci\u00f3n con el programa de redes vecinales.<\/p>\n","protected":false},"excerpt":{"rendered":"<div class=\"mh-excerpt\"><p>Raciel P\u00e9rez Cruz, Presidente Municipal de Tlalnepantla, entreg\u00f3 la rehabilitaci\u00f3n del Parque de los Ni\u00f1os, <a class=\"mh-excerpt-more\" href=\"https:\/\/foro1025.mx\/?p=12054\" title=\"Inaugura Raciel P\u00e9rez Cruz rehabilitaci\u00f3n del Parque de los Ni\u00f1os\">&#8230;<\/a><\/p>\n<\/div>","protected":false},"author":1,"featured_media":0,"comment_status":"closed","ping_status":"closed","sticky":false,"template":"","format":"standard","meta":{"footnotes":""},"categories":[16],"tags":[],"class_list":{"0":"post-12054","1":"post","2":"type-post","3":"status-publish","4":"format-standard","6":"category-tlalnepantla"},"_links":{"self":[{"href":"https:\/\/foro1025.mx\/index.php?rest_route=\/wp\/v2\/posts\/12054","targetHints":{"allow":["GET"]}}],"collection":[{"href":"https:\/\/foro1025.mx\/index.php?rest_route=\/wp\/v2\/posts"}],"about":[{"href":"https:\/\/foro1025.mx\/index.php?rest_route=\/wp\/v2\/types\/post"}],"author":[{"embeddable":true,"href":"https:\/\/foro1025.mx\/index.php?rest_route=\/wp\/v2\/users\/1"}],"replies":[{"embeddable":true,"href":"https:\/\/foro1025.mx\/index.php?rest_route=%2Fwp%2Fv2%2Fcomments&post=12054"}],"version-history":[{"count":2,"href":"https:\/\/foro1025.mx\/index.php?rest_route=\/wp\/v2\/posts\/12054\/revisions"}],"predecessor-version":[{"id":12092,"href":"https:\/\/foro1025.mx\/index.php?rest_route=\/wp\/v2\/posts\/12054\/revisions\/12092"}],"wp:attachment":[{"href":"https:\/\/foro1025.mx\/index.php?rest_route=%2Fwp%2Fv2%2Fmedia&parent=12054"}],"wp:term":[{"taxonomy":"category","embeddable":true,"href":"https:\/\/foro1025.mx\/index.php?rest_route=%2Fwp%2Fv2%2Fcategories&post=12054"},{"taxonomy":"post_tag","embeddable":true,"href":"https:\/\/foro1025.mx\/index.php?rest_route=%2Fwp%2Fv2%2Ftags&post=12054"}],"curies":[{"name":"wp","href":"https:\/\/api.w.org\/{rel}","templated":true}]}}