{"id":12116,"date":"2020-10-06T16:51:46","date_gmt":"2020-10-06T21:51:46","guid":{"rendered":"https:\/\/foro1025.mx\/?p=12116"},"modified":"2020-10-06T16:51:46","modified_gmt":"2020-10-06T21:51:46","slug":"promueve-gobierno-mexiquense-produccion-cafetalera-en-la-entidad-de-expo-cafe","status":"publish","type":"post","link":"https:\/\/foro1025.mx\/?p=12116","title":{"rendered":"Promueve gobierno mexiquense producci\u00f3n cafetalera en la entidad de Expo Caf\u00e9"},"content":{"rendered":"<p class=\"p3\"><i>\u2022 Generan cafetaleros mexiquenses 576 toneladas de dicho grano al a\u00f1o.<\/i><\/p>\n<p class=\"p3\"><i>\u2022 Apoya, dirige y asesora Direcci\u00f3n de Comercializaci\u00f3n de la Secretar\u00eda del Campo, a productores que desean formalizar, vender e impulsar sus productos.<\/i><\/p>\n<p class=\"p3\"><b>Metepec, Estado de M\u00e9xico.- <\/b>Marcelino Barrueta, de Finca Barrueta, ubicada en el municipio de Temascaltepec, es uno de los m\u00e1s de 20 productores mexiquenses de Amatepec, Malinalco y Temascaltepec que expusieron sus productos en la Expo Caf\u00e9 impulsada por el Gobierno del Estado de M\u00e9xico.<\/p>\n<p class=\"p3\">La titular de la Secretar\u00eda del Campo, Mercedes Col\u00edn Guadarrama, en compa\u00f1\u00eda de Gilberto Javier Sauza Mart\u00ednez, Presidente del Consejo de C\u00e1maras y Asociaciones Empresariales del Estado de M\u00e9xico (Concaem), inaugur\u00f3 la Expo Caf\u00e9 junto con los amantes de este grano, pues en la entidad se producen 576 toneladas al a\u00f1o.<\/p>\n<p class=\"p3\">\u201cHoy plantamos una nueva semilla para el agro mexiquense, est\u00e1 naciendo la nueva Secretar\u00eda del Campo, la cual lleva el compromiso del Gobernador Alfredo Del Mazo Maza con el sector primario de la producci\u00f3n mexiquense.<\/p>\n<p class=\"p3\">\u201cPara disfrutar de un buen caf\u00e9 es necesario contar con una buena semilla, que germine una planta que nos regale una bebida arom\u00e1tica, que nos haga sentir la fortaleza del cuerpo\u201d, coment\u00f3 la titular de la Secretar\u00eda del Campo.<\/p>\n<p class=\"p3\">La calidad y el sabor del caf\u00e9 mexiquense se obtiene al producirlo a m\u00e1s de mil 200 metros sobre el nivel del mar, por lo que se cosecha en 546 hect\u00e1reas cafetaleras mexiquenses.<\/p>\n<p class=\"p3\">En tanto, la Direcci\u00f3n de Comercializaci\u00f3n de la Secretar\u00eda del Campo apoya, dirige y asesora a los productores que desean formalizar, vender e impulsar sus productos.<\/p>\n<p class=\"p3\">Dicho grano se cosecha principalmente en los municipios mexiquenses de Amatepec, Temascaltepec, San Sim\u00f3n de Guerrero, Tejupilco, Tlatlaya, Tepetlixpa, Sultepec y Malinalco.<\/p>\n","protected":false},"excerpt":{"rendered":"<div class=\"mh-excerpt\"><p>\u2022 Generan cafetaleros mexiquenses 576 toneladas de dicho grano al a\u00f1o. \u2022 Apoya, dirige y <a class=\"mh-excerpt-more\" href=\"https:\/\/foro1025.mx\/?p=12116\" title=\"Promueve gobierno mexiquense producci\u00f3n cafetalera en la entidad de Expo Caf\u00e9\">&#8230;<\/a><\/p>\n<\/div>","protected":false},"author":1,"featured_media":0,"comment_status":"closed","ping_status":"closed","sticky":false,"template":"","format":"standard","meta":{"footnotes":""},"categories":[13],"tags":[],"class_list":{"0":"post-12116","1":"post","2":"type-post","3":"status-publish","4":"format-standard","6":"category-estado-de-mexico"},"_links":{"self":[{"href":"https:\/\/foro1025.mx\/index.php?rest_route=\/wp\/v2\/posts\/12116","targetHints":{"allow":["GET"]}}],"collection":[{"href":"https:\/\/foro1025.mx\/index.php?rest_route=\/wp\/v2\/posts"}],"about":[{"href":"https:\/\/foro1025.mx\/index.php?rest_route=\/wp\/v2\/types\/post"}],"author":[{"embeddable":true,"href":"https:\/\/foro1025.mx\/index.php?rest_route=\/wp\/v2\/users\/1"}],"replies":[{"embeddable":true,"href":"https:\/\/foro1025.mx\/index.php?rest_route=%2Fwp%2Fv2%2Fcomments&post=12116"}],"version-history":[{"count":1,"href":"https:\/\/foro1025.mx\/index.php?rest_route=\/wp\/v2\/posts\/12116\/revisions"}],"predecessor-version":[{"id":12118,"href":"https:\/\/foro1025.mx\/index.php?rest_route=\/wp\/v2\/posts\/12116\/revisions\/12118"}],"wp:attachment":[{"href":"https:\/\/foro1025.mx\/index.php?rest_route=%2Fwp%2Fv2%2Fmedia&parent=12116"}],"wp:term":[{"taxonomy":"category","embeddable":true,"href":"https:\/\/foro1025.mx\/index.php?rest_route=%2Fwp%2Fv2%2Fcategories&post=12116"},{"taxonomy":"post_tag","embeddable":true,"href":"https:\/\/foro1025.mx\/index.php?rest_route=%2Fwp%2Fv2%2Ftags&post=12116"}],"curies":[{"name":"wp","href":"https:\/\/api.w.org\/{rel}","templated":true}]}}