{"id":12122,"date":"2020-10-06T16:57:18","date_gmt":"2020-10-06T21:57:18","guid":{"rendered":"https:\/\/foro1025.mx\/?p=12122"},"modified":"2020-10-06T16:57:18","modified_gmt":"2020-10-06T21:57:18","slug":"reconoce-gem-talento-mexiquense-con-premio-a-la-excelencia-empresarial","status":"publish","type":"post","link":"https:\/\/foro1025.mx\/?p=12122","title":{"rendered":"Reconoce GEM talento mexiquense con premio a la Excelencia Empresarial"},"content":{"rendered":"<p class=\"p3\"><i>Resalta entrega, esfuerzo y dedicaci\u00f3n de personas f\u00edsicas o morales, quienes a lo largo de un a\u00f1o contribuyen al fortalecimiento econ\u00f3mico de la entidad.<\/i><\/p>\n<p class=\"p3\"><i>Premian a<span class=\"Apple-converted-space\">\u00a0 <\/span>trav\u00e9s de ocho categor\u00edas a los mexiquenses que d\u00eda a d\u00eda se han levantado a trabajar en sus sue\u00f1os haci\u00e9ndolos realidad.<\/i><\/p>\n<p class=\"p3\"><b>Toluca, Estado de M\u00e9xico.- <\/b>A trav\u00e9s del Premio Mexiquense a la Excelencia Empresarial, el Gobierno del Estado de M\u00e9xico reconoce el esfuerzo, entrega y dedicaci\u00f3n de hombres y mujeres, quienes a lo largo de un a\u00f1o contribuyen al fortalecimiento econ\u00f3mico de la entidad.<\/p>\n<p class=\"p3\">Al respecto, Araceli Cabrera Col\u00edn, empresaria ganadora de la edici\u00f3n 2018 y due\u00f1a de Aldich, dedicada a la producci\u00f3n de tisanas, jarabes y mezclas naturales, mencion\u00f3 que despu\u00e9s de obtener el premio tambi\u00e9n lleg\u00f3 el crecimiento exponencial de su firma en mercados nacionales e internacionales.<\/p>\n<p class=\"p3\">\u201cDurante este tiempo nosotros hemos relacionado nuestra empresa y realizado alianzas comerciales con otras que nos est\u00e1n llevando nuestros productos a nivel internacional, hemos incrementado nuestra capacidad de producci\u00f3n y hemos desarrollado productos innovadores que nos est\u00e1 solicitando esta empresa\u201d, precis\u00f3.<\/p>\n<p class=\"p3\">Sostuvo que con el respaldo de las autoridades logr\u00f3 avanzar en la comercializaci\u00f3n de sus productos, derivados de frutas, hojas, flores, tallos y ra\u00edces, adem\u00e1s de haber ampliado su curr\u00edculum empresarial, facilit\u00e1ndole el trato con otras firmas.<\/p>\n<p class=\"p3\">\u201cHemos desarrollado habilidades administrativas y certificaciones que requieren otras empresas para que nosotros trabajemos con ellos, yo agradezco mucho al Gobierno del estado. Es muy importante siempre creer que para ser exitosos debemos reunirnos con las personas correctas\u201d, expres\u00f3.<\/p>\n<p class=\"p3\">Este galard\u00f3n reconoce como ejemplos de motivaci\u00f3n, perseverancia, constancia y trabajo a personas que sobresalen en su esfuerzo por hacer que su negocio o empresa incida en el desarrollo local y estatal.<\/p>\n<p class=\"p3\">Por ello, la Secretar\u00eda de Desarrollo Econ\u00f3mico (Sedeco) reiter\u00f3 la invitaci\u00f3n a las y los interesados para participar y consultar la convocatoria que se encuentra disponible en http:\/\/ime.edomex.gob.mx\/premio-mexiquense-excelencia-empresarial-2019, hasta el 26 de octubre de 2020, o bien registrarse en https:\/\/forms.gle\/yZiu3CTbYRYn6J4z7 y enviar los documentos solicitados al correo electr\u00f3nico premioexcelencia2019@gmail.com.<\/p>\n<p class=\"p3\">El Premio Mexiquense a la Excelencia Empresarial, en su edici\u00f3n 2019, distingue las ideas de negocio innovadoras para el desarrollo humano, competitividad, protecci\u00f3n y mejoramiento del ambiente, exportaci\u00f3n, promoci\u00f3n y desarrollo de grupos vulnerables, equidad de g\u00e9nero, identidad mexiquense y revelaci\u00f3n empresarial.<\/p>\n<p class=\"p3\">Dicho galard\u00f3n, que ofrece un apoyo econ\u00f3mico, constituye un reconocimiento para aquellas personas f\u00edsicas o morales del Estado de M\u00e9xico que han logrado sobresalir, enalteciendo su negocio o empresa y son ejemplo de motivaci\u00f3n, perseverancia, constancia y trabajo arduo.<\/p>\n<p class=\"p3\">Las personas que busquen mayor informaci\u00f3n sobre el tema, pueden consultar las redes sociales en Facebook, @SedecoEdomex @IMEmprendedor, Twitter @SedecoEdomex @IM_Emprendedor,<span class=\"Apple-converted-space\">\u00a0 <\/span>adem\u00e1s de la plataforma Conexi\u00f3n Emprendedora en el enlace https:\/\/conexionemprendedora.edomex.gob.mx\/.<\/p>\n","protected":false},"excerpt":{"rendered":"<div class=\"mh-excerpt\"><p>Resalta entrega, esfuerzo y dedicaci\u00f3n de personas f\u00edsicas o morales, quienes a lo largo de <a class=\"mh-excerpt-more\" href=\"https:\/\/foro1025.mx\/?p=12122\" title=\"Reconoce GEM talento mexiquense con premio a la Excelencia Empresarial\">&#8230;<\/a><\/p>\n<\/div>","protected":false},"author":1,"featured_media":0,"comment_status":"closed","ping_status":"closed","sticky":false,"template":"","format":"standard","meta":{"footnotes":""},"categories":[13],"tags":[],"class_list":{"0":"post-12122","1":"post","2":"type-post","3":"status-publish","4":"format-standard","6":"category-estado-de-mexico"},"_links":{"self":[{"href":"https:\/\/foro1025.mx\/index.php?rest_route=\/wp\/v2\/posts\/12122","targetHints":{"allow":["GET"]}}],"collection":[{"href":"https:\/\/foro1025.mx\/index.php?rest_route=\/wp\/v2\/posts"}],"about":[{"href":"https:\/\/foro1025.mx\/index.php?rest_route=\/wp\/v2\/types\/post"}],"author":[{"embeddable":true,"href":"https:\/\/foro1025.mx\/index.php?rest_route=\/wp\/v2\/users\/1"}],"replies":[{"embeddable":true,"href":"https:\/\/foro1025.mx\/index.php?rest_route=%2Fwp%2Fv2%2Fcomments&post=12122"}],"version-history":[{"count":1,"href":"https:\/\/foro1025.mx\/index.php?rest_route=\/wp\/v2\/posts\/12122\/revisions"}],"predecessor-version":[{"id":12124,"href":"https:\/\/foro1025.mx\/index.php?rest_route=\/wp\/v2\/posts\/12122\/revisions\/12124"}],"wp:attachment":[{"href":"https:\/\/foro1025.mx\/index.php?rest_route=%2Fwp%2Fv2%2Fmedia&parent=12122"}],"wp:term":[{"taxonomy":"category","embeddable":true,"href":"https:\/\/foro1025.mx\/index.php?rest_route=%2Fwp%2Fv2%2Fcategories&post=12122"},{"taxonomy":"post_tag","embeddable":true,"href":"https:\/\/foro1025.mx\/index.php?rest_route=%2Fwp%2Fv2%2Ftags&post=12122"}],"curies":[{"name":"wp","href":"https:\/\/api.w.org\/{rel}","templated":true}]}}