{"id":12136,"date":"2020-10-06T17:19:55","date_gmt":"2020-10-06T22:19:55","guid":{"rendered":"https:\/\/foro1025.mx\/?p=12136"},"modified":"2020-10-06T17:19:55","modified_gmt":"2020-10-06T22:19:55","slug":"inicia-en-naucalpan-jornada-de-vacunacion-contra-influenza","status":"publish","type":"post","link":"https:\/\/foro1025.mx\/?p=12136","title":{"rendered":"Inicia en Naucalpan Jornada de Vacunaci\u00f3n contra Influenza"},"content":{"rendered":"<p class=\"p1\">El OAPAS realiz\u00f3, asimismo, una jornada de sanitizaci\u00f3n en la comunidad<\/p>\n<p class=\"p1\">El Gobierno de Naucalpan y el Instituto de Salud del Estado de M\u00e9xico (ISEM) comenzaron la jornada de vacunaci\u00f3n contra la influenza en el fraccionamiento Los Pastores, donde unas 100 personas recibieron la inyecci\u00f3n.<\/p>\n<p class=\"p1\">Impulsada por la Presidenta Municipal, Patricia Dur\u00e1n Reveles, la iniciativa busca prevenir que la poblaci\u00f3n contraiga la enfermedad, pues en octubre comienza la temporada de influenza.<\/p>\n<p class=\"p1\">De acuerdo con el doctor Roberto Mart\u00ednez Herrera, director y coordinador de la Unidad de Salud de Cuautlalpan del ISEM, se espera un panorama complicado los pr\u00f3ximos meses, pues estar\u00e1n en circulaci\u00f3n tanto los virus generadores de la influenza como el causante de la COVID-19, padecimiento que mantiene en emergencia sanitaria al pa\u00eds.<\/p>\n<p class=\"p1\">\u201cEs una primera etapa de vacunaci\u00f3n, habr\u00e1 muchas, que no se desesperen, tenemos muchas dosis, el Gobierno del estado est\u00e1 encargado de surtirnos, tendremos la campa\u00f1a de aqu\u00ed hasta marzo.<\/p>\n<p class=\"p1\">\u201cTenemos como meta unas 7 mil dosis para la zona de Cuautlalpan, que es Sat\u00e9lite, Zona Azul, Ahuizotla, San Esteban, la Modelo, Echegaray y Los Pastores\u201d, explic\u00f3 el funcionario del ISEM, instancia gubernamental que aplic\u00f3 las vacunas.<\/p>\n<p class=\"p1\">En palabras del presidente del Consejo de Participaci\u00f3n Ciudadana (COPACI) de Los Pastores, Leonardo Su\u00e1rez G\u00e1lvez, la jornada de vacunaci\u00f3n en su comunidad era muy necesaria, ya que aproximadamente el 80 por ciento de los habitantes son personas adultas mayores. El evento se desarroll\u00f3 en la oficina del COPACI.<\/p>\n<p class=\"p1\">Aunque cualquier persona puede recibir la inoculaci\u00f3n, la visita se enfoc\u00f3 en personas adultas mayores, ni\u00f1os y mujeres embarazadas, quienes poseen defensas menos eficientes contra ciertos pat\u00f3genos.<\/p>\n<p class=\"p1\">Por su parte, el Organismo de Agua Potable, Alcantarillado y Saneamiento (OAPAS) realiz\u00f3 una jornada de sanitizaci\u00f3n en la comunidad. Se trat\u00f3 del recorrido de limpieza n\u00famero mil 100 implementado por la dependencia desde que comenz\u00f3 la pandemia en M\u00e9xico.<\/p>\n<p class=\"p1\">Una camioneta del organismo roci\u00f3 con aspersores 250 litros de agua clorada en las vialidades, jardines y mobiliario p\u00fablico, a fin de mitigar los riesgos de infecci\u00f3n por coronavirus.<\/p>\n<p class=\"p1\">El Gobierno de Naucalpan se comprometi\u00f3 a mejorar de manera integral el parque La Capilla, mismo que tiene m\u00e1s de 60 a\u00f1os de historia.<\/p>\n<p class=\"p1\">La futura rehabilitaci\u00f3n del \u00e1rea verde formar\u00e1 parte de la iniciativa Geograf\u00edas de Paz, impulsada por el Instituto Nacional de Desarrollo Social (Indesol), el Instituto Nacional para el Federalismo y el Desarrollo Municipal (Inafed) y la Secretar\u00eda de Gobernaci\u00f3n (Segob).<\/p>\n<p class=\"p1\">El delegado de Los Pastores, Francisco Roberto Salm\u00f3n Gonz\u00e1lez, asegur\u00f3 que los habitantes del fraccionamiento y de colonias aleda\u00f1as tienen el privilegio de tener ese lugar de esparcimiento, ya que es un sitio con m\u00faltiples amenidades y con d\u00e9cadas de historia, por lo cual es importante atenderlo.<\/p>\n<p class=\"p1\">\u201cEl parque funcionar\u00e1 como atracci\u00f3n para mucha gente, tenemos cancha de f\u00fatbol r\u00e1pido, de b\u00e1squetbol, biblioteca, quiosco, \u00e1rea de juegos infantiles, \u00e1rea de gimnasio para adultos mayores y espacios comunes de toda la vida\u201d, detall\u00f3.<\/p>\n","protected":false},"excerpt":{"rendered":"<div class=\"mh-excerpt\"><p>El OAPAS realiz\u00f3, asimismo, una jornada de sanitizaci\u00f3n en la comunidad El Gobierno de Naucalpan <a class=\"mh-excerpt-more\" href=\"https:\/\/foro1025.mx\/?p=12136\" title=\"Inicia en Naucalpan Jornada de Vacunaci\u00f3n contra Influenza\">&#8230;<\/a><\/p>\n<\/div>","protected":false},"author":1,"featured_media":0,"comment_status":"closed","ping_status":"closed","sticky":false,"template":"","format":"standard","meta":{"footnotes":""},"categories":[8,25],"tags":[],"class_list":{"0":"post-12136","1":"post","2":"type-post","3":"status-publish","4":"format-standard","6":"category-naucalpan","7":"category-salud-y-ciencia"},"_links":{"self":[{"href":"https:\/\/foro1025.mx\/index.php?rest_route=\/wp\/v2\/posts\/12136","targetHints":{"allow":["GET"]}}],"collection":[{"href":"https:\/\/foro1025.mx\/index.php?rest_route=\/wp\/v2\/posts"}],"about":[{"href":"https:\/\/foro1025.mx\/index.php?rest_route=\/wp\/v2\/types\/post"}],"author":[{"embeddable":true,"href":"https:\/\/foro1025.mx\/index.php?rest_route=\/wp\/v2\/users\/1"}],"replies":[{"embeddable":true,"href":"https:\/\/foro1025.mx\/index.php?rest_route=%2Fwp%2Fv2%2Fcomments&post=12136"}],"version-history":[{"count":1,"href":"https:\/\/foro1025.mx\/index.php?rest_route=\/wp\/v2\/posts\/12136\/revisions"}],"predecessor-version":[{"id":12138,"href":"https:\/\/foro1025.mx\/index.php?rest_route=\/wp\/v2\/posts\/12136\/revisions\/12138"}],"wp:attachment":[{"href":"https:\/\/foro1025.mx\/index.php?rest_route=%2Fwp%2Fv2%2Fmedia&parent=12136"}],"wp:term":[{"taxonomy":"category","embeddable":true,"href":"https:\/\/foro1025.mx\/index.php?rest_route=%2Fwp%2Fv2%2Fcategories&post=12136"},{"taxonomy":"post_tag","embeddable":true,"href":"https:\/\/foro1025.mx\/index.php?rest_route=%2Fwp%2Fv2%2Ftags&post=12136"}],"curies":[{"name":"wp","href":"https:\/\/api.w.org\/{rel}","templated":true}]}}