{"id":12142,"date":"2020-10-06T17:24:34","date_gmt":"2020-10-06T22:24:34","guid":{"rendered":"https:\/\/foro1025.mx\/?p=12142"},"modified":"2020-10-06T17:24:34","modified_gmt":"2020-10-06T22:24:34","slug":"darwin-eslava-dio-inicio-al-programa-integral-de-bacheo","status":"publish","type":"post","link":"https:\/\/foro1025.mx\/?p=12142","title":{"rendered":"Darwin Eslava dio inicio al programa integral de bacheo"},"content":{"rendered":"<ul class=\"ul1\">\n<li class=\"li3\"><i>Ser\u00e1 un programa permanente que no tiene l\u00edmites de atenci\u00f3n y se realizar\u00e1 hasta el \u00faltimo d\u00eda de la administraci\u00f3n<\/i><\/li>\n<li class=\"li3\"><i>La meta de esta iniciativa municipal es no tener un solo bache en Coacalco<\/i><\/li>\n<\/ul>\n<p class=\"p5\"><b>COACALCO DE BERRIOZ\u00c1BAL.- <\/b>El Presidente Municipal, Darwin Eslava, puso en marcha el Programa Integral de Bacheo, mediante el cual se prev\u00e9 rehabilitar todas las avenidas principales y calles que lo requieran y con ello lograr un Coacalco sin baches.<\/p>\n<p class=\"p5\">Al dar el banderazo de inicio de los trabajos de rehabilitaci\u00f3n de la avenida Los Laureles, el Alcalde inform\u00f3 que este programa, financiado con recurso 100 por ciento municipal, ser\u00e1 permanente y concluir\u00e1 hasta el \u00faltimo d\u00eda de la administraci\u00f3n.<\/p>\n<p class=\"p5\">Agreg\u00f3 que, para tal fin, cinco cuadrillas estar\u00e1n trabajando en distintos puntos del territorio local, con el objetivo de atender todas las solicitudes de bacheo que se reciban.<\/p>\n<p class=\"p5\">El Presidente Municipal detall\u00f3 que avenida Del Parque tambi\u00e9n ya luce nueva imagen y de manera paulatina se ir\u00e1n programando los trabajos en cada una de las vialidades que as\u00ed lo requieran.<\/p>\n<p class=\"p5\">Anunci\u00f3 que, aunado a esta iniciativa municipal, se continuar\u00e1 trabajando en repavimentaciones de calles y avenidas.<\/p>\n<p class=\"p5\">Darwin Eslava record\u00f3 que el bacheo siempre se realiza despu\u00e9s de la \u00e9poca de lluvias, ya que durante dicho periodo el pavimento se deteriora, por lo que para garantizar trabajos de calidad se pospuso el inicio de dicho programa.<\/p>\n<p class=\"p5\">En breve tambi\u00e9n iniciar\u00e1 la rehabilitaci\u00f3n de Bosques Central, en Bosques del Valle segunda secci\u00f3n y Paseo de las Flores, en Villas de las Flores, hasta integrar todas las calles que la propia ciudadan\u00eda reporte.<\/p>\n","protected":false},"excerpt":{"rendered":"<div class=\"mh-excerpt\"><p>Ser\u00e1 un programa permanente que no tiene l\u00edmites de atenci\u00f3n y se realizar\u00e1 hasta el <a class=\"mh-excerpt-more\" href=\"https:\/\/foro1025.mx\/?p=12142\" title=\"Darwin Eslava dio inicio al programa integral de bacheo\">&#8230;<\/a><\/p>\n<\/div>","protected":false},"author":1,"featured_media":0,"comment_status":"closed","ping_status":"closed","sticky":false,"template":"","format":"standard","meta":{"footnotes":""},"categories":[7],"tags":[],"class_list":{"0":"post-12142","1":"post","2":"type-post","3":"status-publish","4":"format-standard","6":"category-coacalco"},"_links":{"self":[{"href":"https:\/\/foro1025.mx\/index.php?rest_route=\/wp\/v2\/posts\/12142","targetHints":{"allow":["GET"]}}],"collection":[{"href":"https:\/\/foro1025.mx\/index.php?rest_route=\/wp\/v2\/posts"}],"about":[{"href":"https:\/\/foro1025.mx\/index.php?rest_route=\/wp\/v2\/types\/post"}],"author":[{"embeddable":true,"href":"https:\/\/foro1025.mx\/index.php?rest_route=\/wp\/v2\/users\/1"}],"replies":[{"embeddable":true,"href":"https:\/\/foro1025.mx\/index.php?rest_route=%2Fwp%2Fv2%2Fcomments&post=12142"}],"version-history":[{"count":1,"href":"https:\/\/foro1025.mx\/index.php?rest_route=\/wp\/v2\/posts\/12142\/revisions"}],"predecessor-version":[{"id":12144,"href":"https:\/\/foro1025.mx\/index.php?rest_route=\/wp\/v2\/posts\/12142\/revisions\/12144"}],"wp:attachment":[{"href":"https:\/\/foro1025.mx\/index.php?rest_route=%2Fwp%2Fv2%2Fmedia&parent=12142"}],"wp:term":[{"taxonomy":"category","embeddable":true,"href":"https:\/\/foro1025.mx\/index.php?rest_route=%2Fwp%2Fv2%2Fcategories&post=12142"},{"taxonomy":"post_tag","embeddable":true,"href":"https:\/\/foro1025.mx\/index.php?rest_route=%2Fwp%2Fv2%2Ftags&post=12142"}],"curies":[{"name":"wp","href":"https:\/\/api.w.org\/{rel}","templated":true}]}}