{"id":1216,"date":"2016-07-18T13:10:25","date_gmt":"2016-07-18T18:10:25","guid":{"rendered":"https:\/\/foro1025.mx\/?p=1216"},"modified":"2016-07-18T13:10:25","modified_gmt":"2016-07-18T18:10:25","slug":"denisse-ugalde-arranco-el-primer-festival-de-cultura","status":"publish","type":"post","link":"https:\/\/foro1025.mx\/?p=1216","title":{"rendered":"Denisse Ugalde arranc\u00f3 el Primer Festival de Cultura"},"content":{"rendered":"<p><strong>Tlalnepantla, M\u00e9xico.-<\/strong> M\u00e1s de 100 eventos culturales, deportivos y art\u00edsticos se desarrollar\u00e1n durante 10 d\u00edas en las comunidades de la Zona Oriente, esto como parte del Primer Festival de Cultura que la presidenta municipal, Denisse Ugalde Alegr\u00eda, impulsa y con el cual cumple uno de los compromisos adquiridos con los ciudadanos. Al inaugurar el festival, el director del Instituto Municipal de la Cultura y las Artes, Francisco Javier Estrada Arriaga, destac\u00f3 que para la alcaldesa es prioritario acercar las expresiones art\u00edsticas y culturales a toda la comunidad, no s\u00f3lo a quienes viven en el centro del municipio.<\/p>\n<p>Puntualiz\u00f3 que con este tipo de iniciativas tambi\u00e9n se recuperan los espacios abiertos de las 24 comunidades del municipio y se promueve la convivencia familiar, como una estrategia de prevenci\u00f3n del delito. En el primer evento realizado en la Concha Ac\u00fastica, de la colonia Caracoles, el Centro Comunitario Tepeolulco, el Centro Administrativo Cristina Pacheco y la Escuela de Artes y Oficios, tambi\u00e9n ser\u00e1n escenarios para que los tlalnepantlenses disfruten de obras de teatro, noches bohemias, cuenta cuentos, conciertos musicales, clases de yoga y competencias deportivas.<\/p>\n","protected":false},"excerpt":{"rendered":"<div class=\"mh-excerpt\"><p>Tlalnepantla, M\u00e9xico.- M\u00e1s de 100 eventos culturales, deportivos y art\u00edsticos se desarrollar\u00e1n durante 10 d\u00edas <a class=\"mh-excerpt-more\" href=\"https:\/\/foro1025.mx\/?p=1216\" title=\"Denisse Ugalde arranc\u00f3 el Primer Festival de Cultura\">&#8230;<\/a><\/p>\n<\/div>","protected":false},"author":1,"featured_media":0,"comment_status":"open","ping_status":"open","sticky":false,"template":"","format":"standard","meta":{"footnotes":""},"categories":[16],"tags":[],"class_list":{"0":"post-1216","1":"post","2":"type-post","3":"status-publish","4":"format-standard","6":"category-tlalnepantla"},"_links":{"self":[{"href":"https:\/\/foro1025.mx\/index.php?rest_route=\/wp\/v2\/posts\/1216","targetHints":{"allow":["GET"]}}],"collection":[{"href":"https:\/\/foro1025.mx\/index.php?rest_route=\/wp\/v2\/posts"}],"about":[{"href":"https:\/\/foro1025.mx\/index.php?rest_route=\/wp\/v2\/types\/post"}],"author":[{"embeddable":true,"href":"https:\/\/foro1025.mx\/index.php?rest_route=\/wp\/v2\/users\/1"}],"replies":[{"embeddable":true,"href":"https:\/\/foro1025.mx\/index.php?rest_route=%2Fwp%2Fv2%2Fcomments&post=1216"}],"version-history":[{"count":1,"href":"https:\/\/foro1025.mx\/index.php?rest_route=\/wp\/v2\/posts\/1216\/revisions"}],"predecessor-version":[{"id":1218,"href":"https:\/\/foro1025.mx\/index.php?rest_route=\/wp\/v2\/posts\/1216\/revisions\/1218"}],"wp:attachment":[{"href":"https:\/\/foro1025.mx\/index.php?rest_route=%2Fwp%2Fv2%2Fmedia&parent=1216"}],"wp:term":[{"taxonomy":"category","embeddable":true,"href":"https:\/\/foro1025.mx\/index.php?rest_route=%2Fwp%2Fv2%2Fcategories&post=1216"},{"taxonomy":"post_tag","embeddable":true,"href":"https:\/\/foro1025.mx\/index.php?rest_route=%2Fwp%2Fv2%2Ftags&post=1216"}],"curies":[{"name":"wp","href":"https:\/\/api.w.org\/{rel}","templated":true}]}}