{"id":12183,"date":"2020-10-07T19:38:52","date_gmt":"2020-10-08T00:38:52","guid":{"rendered":"https:\/\/foro1025.mx\/?p=12183"},"modified":"2020-10-07T19:38:52","modified_gmt":"2020-10-08T00:38:52","slug":"raciel-perez-cruz-presidente-de-la-asociacion-nacional-de-zonas-metropolitanas","status":"publish","type":"post","link":"https:\/\/foro1025.mx\/?p=12183","title":{"rendered":"Raciel P\u00e9rez Cruz, Presidente de la Asociaci\u00f3n Nacional de Zonas Metropolitanas"},"content":{"rendered":"<p class=\"p2\">Raciel P\u00e9rez Cruz, Alcalde de Tlalnepantla, rindi\u00f3 protesta como Presidente de la Asociaci\u00f3n Nacional de Zonas Metropolitanas, en el marco de la mesa de trabajo de la Confederaci\u00f3n Nacional de Municipios de M\u00e9xico (CONAMM).<\/p>\n<p class=\"p2\">Como presidente de esta asociaci\u00f3n, Raciel P\u00e9rez Cruz representar\u00e1 a las zonas metropolitanas ante la Asociaci\u00f3n Nacional de Alcaldes (ANAC), Federaci\u00f3n Nacional de Municipios de M\u00e9xico (FENAMM), Asociaci\u00f3n de Autoridades Locales de M\u00e9xico A.C. (AALMAC), que tambi\u00e9n integran la CONAMM.<\/p>\n<p class=\"p2\">El Edil hizo un llamado para conformar un nuevo modelo de trabajo directo entre la federaci\u00f3n y municipios para la atenci\u00f3n y resoluci\u00f3n de problemas metropolitanos. Se\u00f1al\u00f3 que de esta forma se construir\u00e1 un puente para avanzar en este tema, descentralizar las decisiones y eliminar la intermediaci\u00f3n.<\/p>\n<p class=\"p2\">\u201cLa Asociaci\u00f3n Nacional de Zonas Metropolitanas construir\u00e1 un referente organizado en cada una de las 74 zonas metropolitanas, para que cada una tenga una identidad y di\u00e1logo directo con el Gobierno Federal\u201d, indic\u00f3 el edil.<\/p>\n<p class=\"p2\">Puso a consideraci\u00f3n una agenda de trabajo: gobernanza metropolitana basada en formaci\u00f3n de redes municipales; revisi\u00f3n de las atribuciones constitucionales del Art\u00edculo 115; gobernabilidad e inclusi\u00f3n social; sustentabilidad urbana; resilencia ante desastres naturales; sistemas ambientales; uso de tecnolog\u00edas para resolver problemas urbanos.<\/p>\n<p class=\"p2\">Tambi\u00e9n, conectividad, seguridad p\u00fablica, financiamiento, participaci\u00f3n ciudadana e impulso a la planeaci\u00f3n estrat\u00e9gica para un desarrollo inclusivo.<\/p>\n<p class=\"p2\">Al tomar protesta al alcalde Raciel P\u00e9rez Cruz, Ra\u00fal Armando Quintero Mart\u00ednez, Alcalde de Iztacalco y Copresidente de la CONAMM se\u00f1al\u00f3 que con la integraci\u00f3n de la nueva mesa directiva de la Asociaci\u00f3n Nacional de Zonas Metropolitanas, se da un paso importante para trabajar y elaborar diagn\u00f3sticos en las distintas \u00e1reas conurbadas de nuestro pa\u00eds.<\/p>\n<p class=\"p2\">\u00abSon tiempos de maduraci\u00f3n, de m\u00e1s complejidad, las zonas metropolitanas tienen problemas de aire, agua, seguridad, movilidad, entre otros, lo que obliga a coordinarse para el desarrollo de una agenda local\u201d, indic\u00f3 Quintero Mart\u00ednez.<\/p>\n<p class=\"p2\">Daniel Fajardo Ortiz, Subsecretario de Desarrollo Urbano y Vivienda del Gobierno de M\u00e9xico, dijo que el desarrollo de nuestro pa\u00eds en gran medida se realiza en los municipios, que enfrentan grandes problemas como movilidad y seguridad p\u00fablica.<\/p>\n<p class=\"p2\">Explic\u00f3 que se impulsa la planeaci\u00f3n en los municipios y de manera coordinada la gobernanza metropolitana a trav\u00e9s de consejos consultivos ciudadanos, donde la sociedad pueda participar en la toma de decisiones.<\/p>\n<p class=\"p2\">\u201cEl gobierno de M\u00e9xico trabaja en coordinaci\u00f3n con las asociaciones, felicito y doy la bienvenida a Raciel P\u00e9rez Cruz y reitero la disposici\u00f3n para trabajar con la asociaci\u00f3n\u201d, finaliz\u00f3.<\/p>\n<p class=\"p2\">Estuvieron presentes en la sala de Cabildo de Tlalnepantla, Juan Hugo de la Rosa Garc\u00eda, Presidente Municipal de Nezahualc\u00f3yotl; Mariela Guti\u00e9rrez Escalante, Presidenta Municipal de Tec\u00e1mac; representantes de los gobiernos de Naucalpan y Toluca; el Diputado local, Mario Gabriel Guti\u00e9rrez Cure\u00f1o.<\/p>\n<p class=\"p2\">V\u00eda Zoom el alcalde de Tepic, Francisco Javier Castell\u00f3n Fonseca, Copresidente de CONAMM; alcaldesa de Reynosa, Maki Esther Ortiz Dom\u00ednguez; los alcaldes de Guanajuato, Mario Alejandro Navarro Salda\u00f1a; de Le\u00f3n, Guanajuato, H\u00e9ctor L\u00f3pez Santillana; Durango, Durango, Jorge Salum del Palacio.<\/p>\n<p class=\"p2\">La alcaldesa de C\u00f3rdoba, Veracruz, Leticia L\u00f3pez Landero; de Hermosillo, Sonora, C\u00e9lida L\u00f3pez C\u00e1rdenas; G\u00f3mez Palacio, Durango, Alma Marina Vitela Rodr\u00edguez; alcalde de Tonal\u00e1, Jalisco, Juan Antonio Gonz\u00e1lez Mora; Miguel Hidalgo en la Ciudad de M\u00e9xico, V\u00edctor Hugo Romo Guerra y la alcaldesa de Iztapalapa, Clara Marina Brugada Molina.<\/p>\n","protected":false},"excerpt":{"rendered":"<div class=\"mh-excerpt\"><p>Raciel P\u00e9rez Cruz, Alcalde de Tlalnepantla, rindi\u00f3 protesta como Presidente de la Asociaci\u00f3n Nacional de <a class=\"mh-excerpt-more\" href=\"https:\/\/foro1025.mx\/?p=12183\" title=\"Raciel P\u00e9rez Cruz, Presidente de la Asociaci\u00f3n Nacional de Zonas Metropolitanas\">&#8230;<\/a><\/p>\n<\/div>","protected":false},"author":1,"featured_media":0,"comment_status":"closed","ping_status":"closed","sticky":false,"template":"","format":"standard","meta":{"footnotes":""},"categories":[16],"tags":[],"class_list":{"0":"post-12183","1":"post","2":"type-post","3":"status-publish","4":"format-standard","6":"category-tlalnepantla"},"_links":{"self":[{"href":"https:\/\/foro1025.mx\/index.php?rest_route=\/wp\/v2\/posts\/12183","targetHints":{"allow":["GET"]}}],"collection":[{"href":"https:\/\/foro1025.mx\/index.php?rest_route=\/wp\/v2\/posts"}],"about":[{"href":"https:\/\/foro1025.mx\/index.php?rest_route=\/wp\/v2\/types\/post"}],"author":[{"embeddable":true,"href":"https:\/\/foro1025.mx\/index.php?rest_route=\/wp\/v2\/users\/1"}],"replies":[{"embeddable":true,"href":"https:\/\/foro1025.mx\/index.php?rest_route=%2Fwp%2Fv2%2Fcomments&post=12183"}],"version-history":[{"count":1,"href":"https:\/\/foro1025.mx\/index.php?rest_route=\/wp\/v2\/posts\/12183\/revisions"}],"predecessor-version":[{"id":12185,"href":"https:\/\/foro1025.mx\/index.php?rest_route=\/wp\/v2\/posts\/12183\/revisions\/12185"}],"wp:attachment":[{"href":"https:\/\/foro1025.mx\/index.php?rest_route=%2Fwp%2Fv2%2Fmedia&parent=12183"}],"wp:term":[{"taxonomy":"category","embeddable":true,"href":"https:\/\/foro1025.mx\/index.php?rest_route=%2Fwp%2Fv2%2Fcategories&post=12183"},{"taxonomy":"post_tag","embeddable":true,"href":"https:\/\/foro1025.mx\/index.php?rest_route=%2Fwp%2Fv2%2Ftags&post=12183"}],"curies":[{"name":"wp","href":"https:\/\/api.w.org\/{rel}","templated":true}]}}