{"id":12189,"date":"2020-10-07T19:43:27","date_gmt":"2020-10-08T00:43:27","guid":{"rendered":"https:\/\/foro1025.mx\/?p=12189"},"modified":"2020-10-07T19:43:27","modified_gmt":"2020-10-08T00:43:27","slug":"avala-cabildo-reformas-de-seguridad-y-educacion-de-legislatura-estatal","status":"publish","type":"post","link":"https:\/\/foro1025.mx\/?p=12189","title":{"rendered":"Avala cabildo reformas de seguridad y educaci\u00f3n de legislatura estatal"},"content":{"rendered":"<p class=\"p1\">El Cabildo de Naucalpan aval\u00f3 las iniciativas en materia de seguridad y educativa emitidas por la LX Legislatura del Estado de M\u00e9xico.<\/p>\n<p class=\"p1\">S\u00edndicos y Regidores aprobaron por unanimidad la reforma que los diputados mexiquenses hicieron sobre el art\u00edculo 86 bis de la Constituci\u00f3n estatal, a fin de armonizar dicho punto con el art\u00edculo 21 de la Constituci\u00f3n Mexicana.<\/p>\n<p class=\"p1\">Se trata de una modificaci\u00f3n que les otorga a la Federaci\u00f3n, entidades federativas y municipios facultades de seguridad p\u00fablica. De acuerdo con la Carta Magna, los tres niveles de Gobierno deber\u00e1n coordinarse en este sentido, lo anterior en el marco del establecimiento de la Guardia Nacional.<\/p>\n<p class=\"p1\">El 26 marzo de 2019 se reformaron disposiciones de 10 art\u00edculos de la Constituci\u00f3n para crear la Guardia Nacional, entre ellos, el 21.<\/p>\n<p class=\"p1\">\u201cLas instituciones de seguridad p\u00fablica, incluyendo la Guardia Nacional, ser\u00e1n de car\u00e1cter civil, disciplinado y profesional. El Ministerio P\u00fablico y las instituciones policiales de los tres \u00f3rdenes de gobierno deber\u00e1n coordinarse entre s\u00ed para cumplir los fines de la seguridad p\u00fablica y conformar\u00e1n el Sistema Nacional de Seguridad P\u00fablica\u201d, aparece en el Diario Oficial de la Federaci\u00f3n.<\/p>\n<p class=\"p1\">El Und\u00e9cimo Regidor, Anselmo Garc\u00eda Cruz, celebr\u00f3 la modificaci\u00f3n de la Legislatura estatal, sin embargo, sugiri\u00f3 que en un plazo de 180 d\u00edas, a partir de la aprobaci\u00f3n de la reforma, se definan las facultades de coordinaci\u00f3n de autoridades estatales y federales con los municipios.<\/p>\n<p class=\"p1\">\u00abNo hay una definici\u00f3n clara respecto a las atribuciones que cada corporaci\u00f3n o cada nivel de Gobierno tiene.<\/p>\n<p class=\"p1\">\u201cNos parece muy importante que se establezca con claridad esa coordinaci\u00f3n a efecto de que cada una de las corporaciones tenga sus atribuciones bien definidas para que no haya confusi\u00f3n\u00bb, dijo.<\/p>\n<p class=\"p1\">Por su parte, el cuerpo edilicio dio su visto bueno de forma un\u00e1nime al proyecto de decreto que reform\u00f3 el art\u00edculo 5 de la Constituci\u00f3n del Estado de M\u00e9xico, el cual otorg\u00f3 a la entidad y a los municipios la obligatoriedad de garantizar a la ciudadan\u00eda no solo la educaci\u00f3n b\u00e1sica y media superior, sino tambi\u00e9n la formaci\u00f3n superior.<\/p>\n<p class=\"p1\">En la Sexag\u00e9sima Quinta Sesi\u00f3n Ordinaria de Cabildo, la Secretaria del Ayuntamiento, Claudia Oyoque Ortiz, inform\u00f3 que el contingente econ\u00f3mico de la Administraci\u00f3n por laudos laborales es de mil 248 millones 829 mil 323 pesos.<\/p>\n","protected":false},"excerpt":{"rendered":"<div class=\"mh-excerpt\"><p>El Cabildo de Naucalpan aval\u00f3 las iniciativas en materia de seguridad y educativa emitidas por <a class=\"mh-excerpt-more\" href=\"https:\/\/foro1025.mx\/?p=12189\" title=\"Avala cabildo reformas de seguridad y educaci\u00f3n de legislatura estatal\">&#8230;<\/a><\/p>\n<\/div>","protected":false},"author":1,"featured_media":0,"comment_status":"closed","ping_status":"closed","sticky":false,"template":"","format":"standard","meta":{"footnotes":""},"categories":[8],"tags":[],"class_list":{"0":"post-12189","1":"post","2":"type-post","3":"status-publish","4":"format-standard","6":"category-naucalpan"},"_links":{"self":[{"href":"https:\/\/foro1025.mx\/index.php?rest_route=\/wp\/v2\/posts\/12189","targetHints":{"allow":["GET"]}}],"collection":[{"href":"https:\/\/foro1025.mx\/index.php?rest_route=\/wp\/v2\/posts"}],"about":[{"href":"https:\/\/foro1025.mx\/index.php?rest_route=\/wp\/v2\/types\/post"}],"author":[{"embeddable":true,"href":"https:\/\/foro1025.mx\/index.php?rest_route=\/wp\/v2\/users\/1"}],"replies":[{"embeddable":true,"href":"https:\/\/foro1025.mx\/index.php?rest_route=%2Fwp%2Fv2%2Fcomments&post=12189"}],"version-history":[{"count":1,"href":"https:\/\/foro1025.mx\/index.php?rest_route=\/wp\/v2\/posts\/12189\/revisions"}],"predecessor-version":[{"id":12191,"href":"https:\/\/foro1025.mx\/index.php?rest_route=\/wp\/v2\/posts\/12189\/revisions\/12191"}],"wp:attachment":[{"href":"https:\/\/foro1025.mx\/index.php?rest_route=%2Fwp%2Fv2%2Fmedia&parent=12189"}],"wp:term":[{"taxonomy":"category","embeddable":true,"href":"https:\/\/foro1025.mx\/index.php?rest_route=%2Fwp%2Fv2%2Fcategories&post=12189"},{"taxonomy":"post_tag","embeddable":true,"href":"https:\/\/foro1025.mx\/index.php?rest_route=%2Fwp%2Fv2%2Ftags&post=12189"}],"curies":[{"name":"wp","href":"https:\/\/api.w.org\/{rel}","templated":true}]}}