{"id":12192,"date":"2020-10-07T19:46:13","date_gmt":"2020-10-08T00:46:13","guid":{"rendered":"https:\/\/foro1025.mx\/?p=12192"},"modified":"2020-10-07T19:46:13","modified_gmt":"2020-10-08T00:46:13","slug":"firma-edomex-convenio-de-coordinacion-con-ayuntamientos-en-materia-de-verificacion","status":"publish","type":"post","link":"https:\/\/foro1025.mx\/?p=12192","title":{"rendered":"Firma Edom\u00e9x convenio de coordinaci\u00f3n con ayuntamientos en materia de verificaci\u00f3n"},"content":{"rendered":"<p class=\"p3\"><i>\u2022 Fortalece Secretar\u00eda de Justicia y Derechos Humanos esquemas de coordinaci\u00f3n con los municipios de Chapultepec, Chiconcuac, Temoaya y Texcalyacac.<\/i><\/p>\n<p class=\"p3\"><i>\u2022 Colaboran autoridades estatales y municipales para brindar certeza jur\u00eddica a los prestadores de bienes y servicios as\u00ed como a quienes los consumen, a trav\u00e9s de visitas de verificaci\u00f3n.<\/i><\/p>\n<p class=\"p3\"><i>\u2022 Agradecen Ayuntamientos el trabajo coordinado con el Inveamex durante la reactivaci\u00f3n econ\u00f3mica.<\/i><\/p>\n<p class=\"p3\"><b>Toluca, Estado de M\u00e9xico.- <\/b>El Gobierno del Estado de M\u00e9xico fortalece el trabajo coordinado con los Ayuntamientos para inspeccionar que las unidades econ\u00f3micas cumplan con los lineamientos que establece la ley para su operaci\u00f3n y, adem\u00e1s, que durante el sem\u00e1foro naranja se cumplan las medidas sanitarias.<\/p>\n<p class=\"p3\">En este sentido el Secretario de Justicia y Derechos Humanos, Rodrigo Espeleta Aladro, encabez\u00f3 la firma de convenios de coordinaci\u00f3n con cuatro municipios mexiquenses: Chapultepec, Chiconcuac, Temoaya y Texcalyacac.<\/p>\n<p class=\"p3\">\u201cAgradecido que podamos ir sumando, el Gobernador me ha encargado que podamos, con los municipios que as\u00ed lo consideren, fortalecer los esquemas de coordinaci\u00f3n mediante la firma de convenios, que al final se trata de darle certeza jur\u00eddica a las personas, tanto a los proveedores de servicios y de bienes, como a quien los consume, es nuestra labor como autoridad, regular, verificar, para que las cosas funcionen bien y podamos detonar el desarrollo econ\u00f3mico\u201d, asegur\u00f3 Espeleta Aladro.<\/p>\n<p class=\"p3\">Acompa\u00f1ado por el Director del Instituto de Verificaci\u00f3n Administrativa del Estado de M\u00e9xico (Inveamex), Luis Miguel S\u00e1nchez L\u00f3pez, el Secretario agradeci\u00f3 la disposici\u00f3n de las autoridades municipales, para fortalecer la coordinaci\u00f3n de las vistas de verificaci\u00f3n.<\/p>\n<p class=\"p3\">\u201cMuy importante que nos coordinemos muy bien, este tema de la verificaci\u00f3n pues es digamos multicompetencial, tienen facultades el municipio, tiene facultades el Estado y bueno, la funci\u00f3n precisamente del Instituto de Verificaci\u00f3n Administrativa es coordinar las acciones estatales de verificaci\u00f3n, tener un padr\u00f3n de verificadores, garantizar que las verificaciones est\u00e9n inscritas en un sistema para que sean legales o v\u00e1lidas, y tambi\u00e9n muy importante que los verificadores est\u00e9n dados de alta en este sistema\u201d, puntualiz\u00f3 el Secretario de Justicia y Derechos Humanos.<\/p>\n<p class=\"p3\">Espeleta Aladro agreg\u00f3 que durante la emergencia sanitaria por COVID-19, es fundamental reforzar las medidas de prevenci\u00f3n para evitar posibles contagios y garantizar a las y los mexiquenses espacios seguros.<\/p>\n<p class=\"p3\">Las Alcaldesas coincidieron en la importancia de trabajar de manera conjunta Ayuntamientos y Estado, para crear conciencia y no bajar la guardia en las medidas de higiene y en este sentido agradecieron el apoyo brindado por el Inveamex.<\/p>\n<p class=\"p3\">\u201cTenemos muy buena respuesta, vamos bien, en orden, con mucha limpieza, nos ayuda mucho la presencia del Instituto de Verificaci\u00f3n porque ellos nos permiten que la gente, pues se comprometa y se concientice al cuidado propio, de las mercanc\u00edas y sobre todo de los consumidores\u201d, asegur\u00f3 Laura Amalia Gonz\u00e1lez Mart\u00ednez, Alcaldesa de Chapultepec.<\/p>\n<p class=\"p3\">Adem\u00e1s, Agustina Catalina Velasco Vicu\u00f1a, presidenta de Chiconcuac, enfatiz\u00f3 que en su municipio la reactivaci\u00f3n econ\u00f3mica se ha dado de manera organizada, para generar confianza en la gente.<\/p>\n<p class=\"p3\">En su oportunidad, Nelly Br\u00edgida Rivera S\u00e1nchez, Presidenta municipal de Temoaya, y X\u00f3chitl Maribel Ram\u00edrez Bermejo, Presidenta municipal de Texcalayacac, celebraron el fortalecimiento de acciones conjuntas, a favor de empresarios de sus localidades.<\/p>\n<p class=\"p3\">Con estas acciones la Secretar\u00eda de Justicia y Derechos Humanos, a trav\u00e9s del Inveamex, refrenda su compromiso para generar mecanismos en beneficio de las y los mexiquenses para brindar.<\/p>\n","protected":false},"excerpt":{"rendered":"<div class=\"mh-excerpt\"><p>\u2022 Fortalece Secretar\u00eda de Justicia y Derechos Humanos esquemas de coordinaci\u00f3n con los municipios de <a class=\"mh-excerpt-more\" href=\"https:\/\/foro1025.mx\/?p=12192\" title=\"Firma Edom\u00e9x convenio de coordinaci\u00f3n con ayuntamientos en materia de verificaci\u00f3n\">&#8230;<\/a><\/p>\n<\/div>","protected":false},"author":1,"featured_media":0,"comment_status":"closed","ping_status":"closed","sticky":false,"template":"","format":"standard","meta":{"footnotes":""},"categories":[13],"tags":[],"class_list":{"0":"post-12192","1":"post","2":"type-post","3":"status-publish","4":"format-standard","6":"category-estado-de-mexico"},"_links":{"self":[{"href":"https:\/\/foro1025.mx\/index.php?rest_route=\/wp\/v2\/posts\/12192","targetHints":{"allow":["GET"]}}],"collection":[{"href":"https:\/\/foro1025.mx\/index.php?rest_route=\/wp\/v2\/posts"}],"about":[{"href":"https:\/\/foro1025.mx\/index.php?rest_route=\/wp\/v2\/types\/post"}],"author":[{"embeddable":true,"href":"https:\/\/foro1025.mx\/index.php?rest_route=\/wp\/v2\/users\/1"}],"replies":[{"embeddable":true,"href":"https:\/\/foro1025.mx\/index.php?rest_route=%2Fwp%2Fv2%2Fcomments&post=12192"}],"version-history":[{"count":1,"href":"https:\/\/foro1025.mx\/index.php?rest_route=\/wp\/v2\/posts\/12192\/revisions"}],"predecessor-version":[{"id":12194,"href":"https:\/\/foro1025.mx\/index.php?rest_route=\/wp\/v2\/posts\/12192\/revisions\/12194"}],"wp:attachment":[{"href":"https:\/\/foro1025.mx\/index.php?rest_route=%2Fwp%2Fv2%2Fmedia&parent=12192"}],"wp:term":[{"taxonomy":"category","embeddable":true,"href":"https:\/\/foro1025.mx\/index.php?rest_route=%2Fwp%2Fv2%2Fcategories&post=12192"},{"taxonomy":"post_tag","embeddable":true,"href":"https:\/\/foro1025.mx\/index.php?rest_route=%2Fwp%2Fv2%2Ftags&post=12192"}],"curies":[{"name":"wp","href":"https:\/\/api.w.org\/{rel}","templated":true}]}}