{"id":12195,"date":"2020-10-07T19:52:39","date_gmt":"2020-10-08T00:52:39","guid":{"rendered":"https:\/\/foro1025.mx\/?p=12195"},"modified":"2020-10-07T19:52:39","modified_gmt":"2020-10-08T00:52:39","slug":"supervisa-alfredo-del-mazo-construccion-de-la-linea-2-del-mexicable-ecatepec-indios-verdes","status":"publish","type":"post","link":"https:\/\/foro1025.mx\/?p=12195","title":{"rendered":"Supervisa Alfredo Del Mazo construcci\u00f3n de la l\u00ednea 2 del Mexicable Ecatepec &#8211; Indios Verdes"},"content":{"rendered":"<p class=\"p3\"><i>\u2022 Subraya Gobernador mexiquense que esta obra permitir\u00e1 que los usuarios disminuyan sus tiempos de traslado, adem\u00e1s de ser un medio de transporte econ\u00f3mico, seguro y amigable con el medio ambiente.<\/i><\/p>\n<p class=\"p3\"><i>\u2022 Se\u00f1ala que se tiene previsto que se concluya la L\u00ednea 2 del Mexicable en octubre de 2021 y beneficiar\u00e1 a m\u00e1s de 800 mil personas. <\/i><\/p>\n<p class=\"p3\"><i>\u2022 Indica que esta obra permitir\u00e1 mejorar la conectividad entre la entidad mexiquense y la estaci\u00f3n del Metro Indios Verdes, en la Ciudad de M\u00e9xico.<span class=\"Apple-converted-space\">\u00a0 \u00a0<\/span><\/i><\/p>\n<p class=\"p3\"><b>Ecatepec, Estado de M\u00e9xico.- <\/b>El Gobernador Alfredo Del Mazo Maza supervis\u00f3 la construcci\u00f3n de la L\u00ednea 2 del Mexicable Ecatepec-Indios Verdes, el cual es parte de las acciones que lleva a cabo el Gobierno del Estado de M\u00e9xico para brindar a la poblaci\u00f3n un sistema de transporte eficiente, r\u00e1pido, seguro, econ\u00f3mico y amigable con el medio ambiente, para mejorar la calidad de vida de los mexiquenses de esta regi\u00f3n.<\/p>\n<p class=\"p3\">\u201cQue podamos darle una mejor calidad de vida a las familias que viven en esta regi\u00f3n de nuestro estado, que son much\u00edsimas, son muchos habitantes los que tiene esta regi\u00f3n, esta obra va a beneficiar a m\u00e1s de 800 mil personas que viven en esta zona del Estado de M\u00e9xico\u201d, puntualiz\u00f3.<\/p>\n<p class=\"p3\">\u201cEl Mexicable, la L\u00ednea 1, la L\u00ednea 2, son de las obras m\u00e1s importantes que tenemos de conectividad en todo el Estado de M\u00e9xico y que nos ayudar\u00e1n a darle un mejor servicio a las familias, un servicio m\u00e1s seguro, m\u00e1s econ\u00f3mico, m\u00e1s r\u00e1pido y m\u00e1s eficiente\u201d, agreg\u00f3.<\/p>\n<p class=\"p3\">Acompa\u00f1ado por el Secretario de Movilidad, Luis Lim\u00f3n Ch\u00e1vez, y el Alcalde de Ecatepec, Fernando Vilchis Contreras, el mandatario estatal indic\u00f3 que este Mexicable permitir\u00e1 mejorar la conectividad de Ecatepec y Tlalnepantla con la Ciudad de M\u00e9xico, ya que se conectar\u00e1 con el Metro de Indios Verdes.<\/p>\n<p class=\"p3\">Destac\u00f3 que este transporte contar\u00e1 con c\u00e1maras de videovigilancia y botones de p\u00e1nico en cada cabina, adem\u00e1s reducir\u00e1 los tiempos de traslado de los usuarios al acercarlos m\u00e1s a sus zonas de trabajo, escuelas y comercios, lo que a su vez generar\u00e1 m\u00e1s plusval\u00eda a la zona.<\/p>\n<p class=\"p3\">\u201cEs un transporte muy seguro, es un transporte amigable con el medio ambiente, no contamina, es un transporte que disminuye los tiempos de traslado, por darles una idea, si vamos de aqu\u00ed a la zona de Indios Verdes, pues podr\u00edamos estar haciendo alrededor de una hora, hora y cuarto, m\u00e1s o menos, con el Mexicable el tiempo se reduce a 29 minutos\u201d, se\u00f1al\u00f3.<\/p>\n<p class=\"p3\">Del Mazo Maza apunt\u00f3 que se tiene previsto concluir esta obra en octubre de 2021, donde se invertir\u00e1n m\u00e1s de 2 mil 500 millones de pesos.<\/p>\n<p class=\"p3\">A\u00f1adi\u00f3 que durante la construcci\u00f3n de la L\u00ednea 2 del Mexicable se est\u00e1n generando m\u00e1s de mil empleos, principalmente para quienes viven en Ecatepec y Tlalnepantla.<\/p>\n<p class=\"p3\">El Mexicable Ecatepec-Indios Verdes tendr\u00e1 una longitud de m\u00e1s de ocho kil\u00f3metros y tiene previsto dar atenci\u00f3n a 29 mil usuarios diarios, que podr\u00e1n realizar el recorrido en tan s\u00f3lo 29 minutos, contar\u00e1 con siete estaciones y estar\u00e1 interconectado con la estaci\u00f3n \u201cHank Gonz\u00e1lez\u201d del Mexicable Ecatepec, que actualmente est\u00e1 en operaci\u00f3n, as\u00ed como con la terminal de Indios Verdes, adem\u00e1s al ser un sistema de transporte el\u00e9ctrico, es 100 por ciento sustentable, lo que reduce las emisiones de contaminantes.<\/p>\n","protected":false},"excerpt":{"rendered":"<div class=\"mh-excerpt\"><p>\u2022 Subraya Gobernador mexiquense que esta obra permitir\u00e1 que los usuarios disminuyan sus tiempos de <a class=\"mh-excerpt-more\" href=\"https:\/\/foro1025.mx\/?p=12195\" title=\"Supervisa Alfredo Del Mazo construcci\u00f3n de la l\u00ednea 2 del Mexicable Ecatepec &#8211; Indios Verdes\">&#8230;<\/a><\/p>\n<\/div>","protected":false},"author":1,"featured_media":0,"comment_status":"closed","ping_status":"closed","sticky":false,"template":"","format":"standard","meta":{"footnotes":""},"categories":[13],"tags":[],"class_list":{"0":"post-12195","1":"post","2":"type-post","3":"status-publish","4":"format-standard","6":"category-estado-de-mexico"},"_links":{"self":[{"href":"https:\/\/foro1025.mx\/index.php?rest_route=\/wp\/v2\/posts\/12195","targetHints":{"allow":["GET"]}}],"collection":[{"href":"https:\/\/foro1025.mx\/index.php?rest_route=\/wp\/v2\/posts"}],"about":[{"href":"https:\/\/foro1025.mx\/index.php?rest_route=\/wp\/v2\/types\/post"}],"author":[{"embeddable":true,"href":"https:\/\/foro1025.mx\/index.php?rest_route=\/wp\/v2\/users\/1"}],"replies":[{"embeddable":true,"href":"https:\/\/foro1025.mx\/index.php?rest_route=%2Fwp%2Fv2%2Fcomments&post=12195"}],"version-history":[{"count":1,"href":"https:\/\/foro1025.mx\/index.php?rest_route=\/wp\/v2\/posts\/12195\/revisions"}],"predecessor-version":[{"id":12197,"href":"https:\/\/foro1025.mx\/index.php?rest_route=\/wp\/v2\/posts\/12195\/revisions\/12197"}],"wp:attachment":[{"href":"https:\/\/foro1025.mx\/index.php?rest_route=%2Fwp%2Fv2%2Fmedia&parent=12195"}],"wp:term":[{"taxonomy":"category","embeddable":true,"href":"https:\/\/foro1025.mx\/index.php?rest_route=%2Fwp%2Fv2%2Fcategories&post=12195"},{"taxonomy":"post_tag","embeddable":true,"href":"https:\/\/foro1025.mx\/index.php?rest_route=%2Fwp%2Fv2%2Ftags&post=12195"}],"curies":[{"name":"wp","href":"https:\/\/api.w.org\/{rel}","templated":true}]}}