{"id":12214,"date":"2020-10-08T17:00:55","date_gmt":"2020-10-08T22:00:55","guid":{"rendered":"https:\/\/foro1025.mx\/?p=12214"},"modified":"2020-10-08T17:16:11","modified_gmt":"2020-10-08T22:16:11","slug":"estan-familias-mexiquenses-en-el-centro-de-las-politicas-de-infraestructura-urbana-y-de-vivienda","status":"publish","type":"post","link":"https:\/\/foro1025.mx\/?p=12214","title":{"rendered":"Est\u00e1n familias mexiquenses en el centro de las pol\u00edticas de infraestructura urbana y de vivienda"},"content":{"rendered":"<p class=\"p3\"><i>\u2022 Dan prioridad a las necesidades de contar con infraestructura urbana y de vivienda, que sea incluyente, innovadora y sustentable.<\/i><\/p>\n<p class=\"p3\"><i>\u2022 Refuerzan estrategias para consolidar al Estado de M\u00e9xico como uno de los polos urbanos de desarrollo m\u00e1s importantes del pa\u00eds.<\/i><\/p>\n<p class=\"p3\"><i>\u2022 Encabeza Secretario de Desarrollo Urbano y Obra, Rafael D\u00edaz Leal Barrueta, reuni\u00f3n de trabajo con los titulares de las \u00e1reas que conforman esta dependencia.<\/i><\/p>\n<p class=\"p3\"><b>Metepec, Estado de M\u00e9xico.- <\/b>Ubicar a las familias mexiquenses en el centro de las pol\u00edticas p\u00fablicas, para dotarlas de infraestructura urbana y vivienda que les permita mejorar las condiciones de vida de todos sus integrantes, es el prop\u00f3sito que el Gobernador Alfredo Del Mazo Maza dio a la Secretar\u00eda de Desarrollo Urbano y Obra.<\/p>\n<p class=\"p3\">Al encabezar una reuni\u00f3n de trabajo con los titulares de las \u00e1reas que conforman la dependencia, el Secretario Rafael D\u00edaz Leal Barrueta transmiti\u00f3 que esta nueva estructura abre oportunidades, para cumplir las expectativas que los mexiquenses tienen de una vivienda digna, con servicios, en un espacio urbano accesible, equitativo e inclusivo.<\/p>\n<p class=\"p3\">Asegur\u00f3 que cuando una familia cuenta con estos elementos b\u00e1sicos para su desarrollo, sus miembros se convierten en agentes de cambio que impulsan la econom\u00eda local, regional y estatal, creando c\u00edrculos virtuosos de bienestar.<\/p>\n<p class=\"p3\">Por ello, afirm\u00f3 que es prioritario alinear objetivos, as\u00ed como determinar metas a corto y mediano plazo, para reforzar las estrategias que consoliden al Estado de M\u00e9xico como uno de los polos urbanos de desarrollo m\u00e1s importantes del pa\u00eds.<\/p>\n<p class=\"p3\">En este contexto, a nombre del Gobernador Alfredo Del Mazo, tom\u00f3 protesta como Directora General de Operaci\u00f3n Urbana a Blanca Hereida Pi\u00f1a Moreno, arquitecta con amplia experiencia en el urbanismo del servicio p\u00fablico estatal y municipal, quien se desempe\u00f1aba como Directora General de Proyectos, Concursos y Contratos de Obra P\u00fablica, en la administraci\u00f3n estatal.<\/p>\n","protected":false},"excerpt":{"rendered":"<div class=\"mh-excerpt\"><p>\u2022 Dan prioridad a las necesidades de contar con infraestructura urbana y de vivienda, que <a class=\"mh-excerpt-more\" href=\"https:\/\/foro1025.mx\/?p=12214\" title=\"Est\u00e1n familias mexiquenses en el centro de las pol\u00edticas de infraestructura urbana y de vivienda\">&#8230;<\/a><\/p>\n<\/div>","protected":false},"author":1,"featured_media":0,"comment_status":"closed","ping_status":"closed","sticky":false,"template":"","format":"standard","meta":{"footnotes":""},"categories":[13],"tags":[],"class_list":{"0":"post-12214","1":"post","2":"type-post","3":"status-publish","4":"format-standard","6":"category-estado-de-mexico"},"_links":{"self":[{"href":"https:\/\/foro1025.mx\/index.php?rest_route=\/wp\/v2\/posts\/12214","targetHints":{"allow":["GET"]}}],"collection":[{"href":"https:\/\/foro1025.mx\/index.php?rest_route=\/wp\/v2\/posts"}],"about":[{"href":"https:\/\/foro1025.mx\/index.php?rest_route=\/wp\/v2\/types\/post"}],"author":[{"embeddable":true,"href":"https:\/\/foro1025.mx\/index.php?rest_route=\/wp\/v2\/users\/1"}],"replies":[{"embeddable":true,"href":"https:\/\/foro1025.mx\/index.php?rest_route=%2Fwp%2Fv2%2Fcomments&post=12214"}],"version-history":[{"count":2,"href":"https:\/\/foro1025.mx\/index.php?rest_route=\/wp\/v2\/posts\/12214\/revisions"}],"predecessor-version":[{"id":12218,"href":"https:\/\/foro1025.mx\/index.php?rest_route=\/wp\/v2\/posts\/12214\/revisions\/12218"}],"wp:attachment":[{"href":"https:\/\/foro1025.mx\/index.php?rest_route=%2Fwp%2Fv2%2Fmedia&parent=12214"}],"wp:term":[{"taxonomy":"category","embeddable":true,"href":"https:\/\/foro1025.mx\/index.php?rest_route=%2Fwp%2Fv2%2Fcategories&post=12214"},{"taxonomy":"post_tag","embeddable":true,"href":"https:\/\/foro1025.mx\/index.php?rest_route=%2Fwp%2Fv2%2Ftags&post=12214"}],"curies":[{"name":"wp","href":"https:\/\/api.w.org\/{rel}","templated":true}]}}