{"id":12231,"date":"2020-10-12T14:15:24","date_gmt":"2020-10-12T19:15:24","guid":{"rendered":"https:\/\/foro1025.mx\/?p=12231"},"modified":"2020-10-12T14:15:24","modified_gmt":"2020-10-12T19:15:24","slug":"en-el-mes-rosa-gobierno-de-coacalco-refuerza-actividades-contra-el-cancer-de-mama","status":"publish","type":"post","link":"https:\/\/foro1025.mx\/?p=12231","title":{"rendered":"En el Mes Rosa, gobierno de Coacalco refuerza actividades contra el c\u00e1ncer de mama"},"content":{"rendered":"<ul>\n<li><i>Se ofreci\u00f3 la <\/i>conferencia <i>\u201cReconstrucci\u00f3n emocional del duelo y la p\u00e9rdida\u201d<\/i><\/li>\n<\/ul>\n<p class=\"p4\"><b>COACALCO DE BERRIOZ\u00c1BAL.- <\/b>Como parte de las actividades que el Gobierno de Coacalco, encabezado por el Alcalde Darwin Eslava, promueve en el Mes Rosa se realiz\u00f3 la conferencia \u201cReconstrucci\u00f3n emocional del duelo y la p\u00e9rdida\u201d.<\/p>\n<p class=\"p4\">El Instituto Municipal para la Defensa de los Derechos de la Mujer inform\u00f3 que el objetivo, de esta actividad y de la campa\u00f1a que se tiene programada, es fomentar una cultura del autocuidado, autoconocimiento y autoexploraci\u00f3n para la prevenci\u00f3n del c\u00e1ncer de mama, as\u00ed como la superaci\u00f3n de un deceso.<\/p>\n<p class=\"p4\">Con la participaci\u00f3n del alumnado del CBTIS 133 y ciudadan\u00eda en general, la especialista Areli Arellano expuso diferentes situaciones que se pueden llegar a experimentar ante un suceso negativo.<\/p>\n<p class=\"p4\">Basados en la vivencia de las y los participantes se construyeron escenarios para superar las etapas de duelo, en donde lo principal es reconocer el dolor que se presenta ante esta situaci\u00f3n.<\/p>\n<p class=\"p4\">La psic\u00f3loga indic\u00f3 que en esos momentos no se deben buscar culpables y, por el contrario, se debe expresar el dolor a trav\u00e9s de actividades que liberen emociones como la escritura ya que esto ayudar\u00e1 a readaptarse despu\u00e9s de una p\u00e9rdida.<\/p>\n<p class=\"p4\">Es de resaltar que el Gobierno de Coacalco otorga a la ciudadan\u00eda apoyos integrales para la salud mental con diferentes pl\u00e1ticas y talleres que promueven el bienestar integral de la ciudadan\u00eda.<\/p>\n<p class=\"p4\">Adem\u00e1s, durante <i>Octubre, el Mes Rosa, <\/i>la Administraci\u00f3n 2019-2021 ofrece servicios como la Jornada de Mastograf\u00edas, talleres y conferencias de empoderamiento y crecimiento profesional.<\/p>\n<p class=\"p4\">De igual forma, a trav\u00e9s del Instituto Municipal de Cultura F\u00edsica y Deporte (Imcufidec), se realizar\u00e1 el \u201cCircuito Rosa\u201d, un evento deportivo en donde se reconoce el valor y entereza de quienes han padecido el c\u00e1ncer de mama y que son el mejor ejemplo de la esperanza ante tiempos de contingencia.<\/p>\n<p class=\"p4\">El Instituto Municipal para la Defensa de los Derechos de la Mujer pone a disposici\u00f3n de la ciudadan\u00eda el tel\u00e9fono 55 7869-8286 para la atenci\u00f3n de cualquier petici\u00f3n.<\/p>\n","protected":false},"excerpt":{"rendered":"<div class=\"mh-excerpt\"><p>Se ofreci\u00f3 la conferencia \u201cReconstrucci\u00f3n emocional del duelo y la p\u00e9rdida\u201d COACALCO DE BERRIOZ\u00c1BAL.- Como <a class=\"mh-excerpt-more\" href=\"https:\/\/foro1025.mx\/?p=12231\" title=\"En el Mes Rosa, gobierno de Coacalco refuerza actividades contra el c\u00e1ncer de mama\">&#8230;<\/a><\/p>\n<\/div>","protected":false},"author":1,"featured_media":0,"comment_status":"closed","ping_status":"closed","sticky":false,"template":"","format":"standard","meta":{"footnotes":""},"categories":[7],"tags":[],"class_list":{"0":"post-12231","1":"post","2":"type-post","3":"status-publish","4":"format-standard","6":"category-coacalco"},"_links":{"self":[{"href":"https:\/\/foro1025.mx\/index.php?rest_route=\/wp\/v2\/posts\/12231","targetHints":{"allow":["GET"]}}],"collection":[{"href":"https:\/\/foro1025.mx\/index.php?rest_route=\/wp\/v2\/posts"}],"about":[{"href":"https:\/\/foro1025.mx\/index.php?rest_route=\/wp\/v2\/types\/post"}],"author":[{"embeddable":true,"href":"https:\/\/foro1025.mx\/index.php?rest_route=\/wp\/v2\/users\/1"}],"replies":[{"embeddable":true,"href":"https:\/\/foro1025.mx\/index.php?rest_route=%2Fwp%2Fv2%2Fcomments&post=12231"}],"version-history":[{"count":1,"href":"https:\/\/foro1025.mx\/index.php?rest_route=\/wp\/v2\/posts\/12231\/revisions"}],"predecessor-version":[{"id":12233,"href":"https:\/\/foro1025.mx\/index.php?rest_route=\/wp\/v2\/posts\/12231\/revisions\/12233"}],"wp:attachment":[{"href":"https:\/\/foro1025.mx\/index.php?rest_route=%2Fwp%2Fv2%2Fmedia&parent=12231"}],"wp:term":[{"taxonomy":"category","embeddable":true,"href":"https:\/\/foro1025.mx\/index.php?rest_route=%2Fwp%2Fv2%2Fcategories&post=12231"},{"taxonomy":"post_tag","embeddable":true,"href":"https:\/\/foro1025.mx\/index.php?rest_route=%2Fwp%2Fv2%2Ftags&post=12231"}],"curies":[{"name":"wp","href":"https:\/\/api.w.org\/{rel}","templated":true}]}}