{"id":12266,"date":"2020-10-12T14:36:50","date_gmt":"2020-10-12T19:36:50","guid":{"rendered":"https:\/\/foro1025.mx\/?p=12266"},"modified":"2020-10-12T14:36:50","modified_gmt":"2020-10-12T19:36:50","slug":"eligen-integrantes-de-la-segunda-generacion-de-la-sinfonica-juvenil-naucalpense","status":"publish","type":"post","link":"https:\/\/foro1025.mx\/?p=12266","title":{"rendered":"Eligen integrantes de la segunda generaci\u00f3n de la Sinf\u00f3nica Juvenil Naucalpense"},"content":{"rendered":"<p class=\"p1\">Tras un proceso de evaluaci\u00f3n sobre aptitudes musicales, presencia esc\u00e9nica y calidad art\u00edstica, un jurado eligi\u00f3 a los 48 integrantes que conformar\u00e1n la segunda generaci\u00f3n de la Sinf\u00f3nica Juvenil Naucalpense (SIJUN).<\/p>\n<p class=\"p1\">Se trata de la continuidad del proyecto iniciado en 2019 por la Secretar\u00eda de Cultura municipal, en el que los nuevos elementos de la SIJUN alistar\u00e1n una corta temporada de 10 conciertos, a partir del 25 de octubre, aunque por las medidas sanitarias ante la pandemia solo ser\u00e1n transmitidos a trav\u00e9s de redes sociales y de la p\u00e1gina del Centro Cultual Virtual Naucalpan (CCVN).<\/p>\n<p class=\"p1\">En esta segunda convocatoria participaron 224 aspirantes, de los cuales 183 accedieron a una segunda etapa mediante audiciones en video, en la que dos asesores externos, maestros y m\u00fasicos experimentados, apoyaron al jurado presidido por la Alcaldesa Patricia Dur\u00e1n Reveles.<\/p>\n<p class=\"p1\">Hubo algunos cambios respecto a la convocatoria del a\u00f1o pasado: en esta ocasi\u00f3n, se busc\u00f3 a los mejores candidatos de 18 a 30 a\u00f1os, entre 11 escuelas de m\u00fasica de Naucalpan y siete del \u00e1rea metropolitana, de donde se escogieron 43 m\u00fasicos, un director asistente, un bibliotecario y, por primera vez, tres int\u00e9rpretes suplentes.<\/p>\n<p class=\"p1\">La idea de incluir la figura de los suplentes es una innovaci\u00f3n, pues se trata de tres j\u00f3venes oriundos de Naucalpan, que de esta manera podr\u00e1n formar parte de los ensayos de la orquesta, complementar su instrucci\u00f3n musical y recibir la beca de la SIJUN.<\/p>\n<p class=\"p1\">\u201cDestaca la selecci\u00f3n de los participantes a la Sinf\u00f3nica Juvenil Naucalpense por la importancia en crear agrupaciones art\u00edsticas, a fin de llevar a cabo el eje de Seguridad Cultural\u201d, coment\u00f3 la Alcaldesa.<\/p>\n<p class=\"p1\">Bajo la batuta de Rodolfo Esteban Gallegos, la SIJUN iniciar\u00e1 sus ensayos el 17 de octubre en el Centro Cultural \u00c1gora del Parque Naucalli, donde afinar\u00e1n cinco recitales con la orquesta al completo o tutti, y cinco en formato de orquesta de c\u00e1mara, es decir, de manera reducida.<\/p>\n<p class=\"p1\">\u201cEl hecho de tener en nuestro Municipio a una agrupaci\u00f3n juvenil de esta magnitud conlleva una serie de responsabilidades, en donde el respeto, el compa\u00f1erismo y el profesionalismo, as\u00ed como las relaciones entre los j\u00f3venes que integrar\u00e1n nuestra orquesta sinf\u00f3nica tienen que ser regulados de manera correcta\u201d, coment\u00f3 Abigail Mart\u00ednez, Secretaria de Cultura de Naucalpan.<\/p>\n<p class=\"p1\">La SIJUN brind\u00f3 en 2019 una temporada que abarc\u00f3 seis meses y 20 conciertos en lugares como la Bas\u00edlica de Los Remedios, el Teatro de la Ciudad Bicentenario, el foro Felipe Villanueva o algunas fiestas patronales en los pueblos originarios de la demarcaci\u00f3n.<\/p>\n<p class=\"p1\">El jurado que seleccion\u00f3 a los participantes estuvo integrado por la Alcaldesa Patricia Dur\u00e1n Reveles; la Secretaria de Cultura, Abigail Mart\u00ednez Salas; Rodrigo G\u00f3mez Orta, Quinto Regidor y presidente de la comisi\u00f3n edilicia de Cultura, Educaci\u00f3n, Deporte y Recreaci\u00f3n; Liliana Salda\u00f1a, directora de Arte; Guadalupe Mej\u00eda Olivares, Contralora Interna Municipal; y Rodolfo Esteban Gallegos, Subdirector de Desarrollo y Fortalecimiento de las Disciplinas Art\u00edsticas.<\/p>\n","protected":false},"excerpt":{"rendered":"<div class=\"mh-excerpt\"><p>Tras un proceso de evaluaci\u00f3n sobre aptitudes musicales, presencia esc\u00e9nica y calidad art\u00edstica, un jurado <a class=\"mh-excerpt-more\" href=\"https:\/\/foro1025.mx\/?p=12266\" title=\"Eligen integrantes de la segunda generaci\u00f3n de la Sinf\u00f3nica Juvenil Naucalpense\">&#8230;<\/a><\/p>\n<\/div>","protected":false},"author":1,"featured_media":0,"comment_status":"closed","ping_status":"closed","sticky":false,"template":"","format":"standard","meta":{"footnotes":""},"categories":[8],"tags":[],"class_list":{"0":"post-12266","1":"post","2":"type-post","3":"status-publish","4":"format-standard","6":"category-naucalpan"},"_links":{"self":[{"href":"https:\/\/foro1025.mx\/index.php?rest_route=\/wp\/v2\/posts\/12266","targetHints":{"allow":["GET"]}}],"collection":[{"href":"https:\/\/foro1025.mx\/index.php?rest_route=\/wp\/v2\/posts"}],"about":[{"href":"https:\/\/foro1025.mx\/index.php?rest_route=\/wp\/v2\/types\/post"}],"author":[{"embeddable":true,"href":"https:\/\/foro1025.mx\/index.php?rest_route=\/wp\/v2\/users\/1"}],"replies":[{"embeddable":true,"href":"https:\/\/foro1025.mx\/index.php?rest_route=%2Fwp%2Fv2%2Fcomments&post=12266"}],"version-history":[{"count":1,"href":"https:\/\/foro1025.mx\/index.php?rest_route=\/wp\/v2\/posts\/12266\/revisions"}],"predecessor-version":[{"id":12268,"href":"https:\/\/foro1025.mx\/index.php?rest_route=\/wp\/v2\/posts\/12266\/revisions\/12268"}],"wp:attachment":[{"href":"https:\/\/foro1025.mx\/index.php?rest_route=%2Fwp%2Fv2%2Fmedia&parent=12266"}],"wp:term":[{"taxonomy":"category","embeddable":true,"href":"https:\/\/foro1025.mx\/index.php?rest_route=%2Fwp%2Fv2%2Fcategories&post=12266"},{"taxonomy":"post_tag","embeddable":true,"href":"https:\/\/foro1025.mx\/index.php?rest_route=%2Fwp%2Fv2%2Ftags&post=12266"}],"curies":[{"name":"wp","href":"https:\/\/api.w.org\/{rel}","templated":true}]}}