{"id":12269,"date":"2020-10-12T14:43:36","date_gmt":"2020-10-12T19:43:36","guid":{"rendered":"https:\/\/foro1025.mx\/?p=12269"},"modified":"2020-10-12T14:43:36","modified_gmt":"2020-10-12T19:43:36","slug":"galardona-gem-a-ciudadanos-comprometidos-con-preservacion-del-medio-ambiente","status":"publish","type":"post","link":"https:\/\/foro1025.mx\/?p=12269","title":{"rendered":"Galardona GEM a ciudadanos comprometidos con preservaci\u00f3n del medio ambiente"},"content":{"rendered":"<p class=\"p3\"><i>\u2022 Entregan premios a quienes han realizado acciones relevantes en materia ambiental y que han contribuido al desarrollo sustentable de la entidad.<\/i><\/p>\n<p class=\"p3\"><i>\u2022 Reconoce Secretario del Medio Ambiente esfuerzo realizado por los 78 participantes de esta convocatoria.<\/i><\/p>\n<p class=\"p3\"><b>Toluca, Estado de M\u00e9xico.- <\/b>El Gobierno del Estado de M\u00e9xico, a trav\u00e9s de la Direcci\u00f3n de Concertaci\u00f3n y Participaci\u00f3n Ciudadana de la Secretar\u00eda del Medio Ambiente, entreg\u00f3 por d\u00e9cima ocasi\u00f3n, el Reconocimiento al M\u00e9rito Ambiental en su edici\u00f3n 2020, a mexiquenses comprometidos con la preservaci\u00f3n de los recursos naturales en la entidad.<\/p>\n<p class=\"p3\">Con estas acciones, la administraci\u00f3n estatal reitera su compromiso de promover y reconocer la participaci\u00f3n de los mexiquenses en temas de preservaci\u00f3n y restauraci\u00f3n de los recursos naturales, de protecci\u00f3n del ambiente, teniendo como objetivo salvaguardar la biodiversidad y el equilibrio ecol\u00f3gico por un Edom\u00e9x sostenible.<\/p>\n<p class=\"p3\">Esta ceremonia fue presidida por el Secretario del Medio Ambiente, Jorge Rescala P\u00e9rez, quien destac\u00f3 que se deben incorporar a la nueva normalidad acciones de sustentabilidad.<\/p>\n<p class=\"p3\">\u201cA tres a\u00f1os del inicio de la administraci\u00f3n del Gobernador Alfredo Del Mazo, estoy convencido que hemos alcanzado importantes resultados que benefician, sobre todo, a las futuras generaciones de mexiquenses\u201d, declar\u00f3.<\/p>\n<p class=\"p3\">\u201cNo debemos perder de vista nuestra responsabilidad con el planeta, hace algunas semanas la ONU emiti\u00f3 un comunicado donde menciona que, en el mundo, redujimos hasta en un 17 por ciento las emisiones de carb\u00f3n durante el punto m\u00e1ximo de las medidas de confinamiento; sin embargo, poco a poco ya nos estamos acercando nuevamente a los niveles previos a la pandemia y, a largo plazo, la disminuci\u00f3n lograda no tendr\u00e1 mucho impacto en las concentraciones de gases de efecto invernadero en la atm\u00f3sfera\u201d.<\/p>\n<p class=\"p3\">Aunado a esto, hizo un reconocimiento especial a los participantes de los 78 proyectos inscritos, pues detr\u00e1s de cada uno de ellos se encuentra la vocaci\u00f3n ecol\u00f3gica que requerimos los mexiquenses para construir una entidad ambientalmente fuerte.<\/p>\n<p class=\"p3\">\u201cExpreso un sincero reconocimiento a los galardonados dentro de las siete categor\u00edas y los exhorto respetuosamente a que sigamos trabajando juntos por el desarrollo sustentable del Estado de M\u00e9xico\u201d, concluy\u00f3.<\/p>\n<p class=\"p3\">Por su parte, Sylvia Noriega de Becker, Responsable del Comit\u00e9 de Ecolog\u00eda de la Asociaci\u00f3n de Colonos de Bellavista, invit\u00f3 a nombre de los galardonados, a compartir los trabajos de todos los participantes, para enriquecer cada uno de los proyectos elaborados.<\/p>\n<p class=\"p3\">\u201cNosotros los ganadores, adem\u00e1s de que se nos est\u00e1 reconociendo nuestro trabajo con este premio, debemos de comprender la importancia de compartir con la sociedad nuestros trabajos y logros.<\/p>\n<p class=\"p3\">\u201cEl \u00e9xito que hoy celebramos va m\u00e1s all\u00e1 de un diploma y un est\u00edmulo econ\u00f3mico, consiste en aportar a la construcci\u00f3n de un mejor M\u00e9xico y de un mejor planeta\u201d, a\u00f1adi\u00f3.<\/p>\n<p class=\"p3\">En esta edici\u00f3n 2020, las categor\u00edas participantes fueron siete y los galardonados, en la categor\u00eda Individual, Jos\u00e9 Trinidad \u00c1lvarez Garc\u00eda, de Villa Victoria; Individual Juvenil, Mar\u00eda Fernanda Medina Vel\u00e1zquez, de Tenango del Valle; Acad\u00e9mica o Investigaci\u00f3n, Francisco Octavio Col\u00edn Plata, Director de la Escuela Preparatoria Isidro Fabela, en Atlacomulco.<\/p>\n<p class=\"p3\">En Autoridades Locales, Jos\u00e9 Luis L\u00f3pez Jim\u00e9nez, Presidente del Comisariado ejidal Emiliano Zapata, en Amecameca; Sector Empresarial, Jacqueline P\u00e9rez Falc\u00f3n, Asesor Ambiental de Embotelladora Mexicana de Bebidas Refrescantes, en Toluca; Organizaciones de la Sociedad Civil, Sylvia Noriega de Becker, Responsable del Comit\u00e9 de Ecolog\u00eda, Colonos de Bellavista AC, en Atizap\u00e1n de Zaragoza y en Acad\u00e9mico o Investigaci\u00f3n Juvenil, Luis Enrique Pacheco Carlos, de Jiquipilco.<\/p>\n<p class=\"p3\">Es de referir que estas acciones buscan fomentar el inter\u00e9s de la ciudadan\u00eda en el cuidado del medio ambiente, que en esta nueva realidad ha participado de manera sobresaliente a pesar de las restricciones y condiciones de salud actuales.<\/p>\n<p class=\"p3\">La convocatoria para obtener el Reconocimiento al M\u00e9rito Ambiental 2020 se public\u00f3 el 6 de marzo y el cierre fue el 25 de mayo del presente a\u00f1o. En esta emisi\u00f3n, que se dio en el marco de la contingencia sanitaria por el COVID-19, se inscribieron 78 trabajos en las diferentes categor\u00edas y la publicaci\u00f3n de ganadores se realiz\u00f3 el 8 de octubre en el sitio web de la Secretar\u00eda del Medio Ambiente,<span class=\"Apple-converted-space\">\u00a0 <\/span>HYPERLINK \u00abhttp:\/\/sma.edomex.gob.mx\/reconocimiento_merito_ambiental\u00bb <span class=\"s1\">http:\/\/sma.edomex.gob.mx\/reconocimiento_merito_ambiental<\/span>.<\/p>\n","protected":false},"excerpt":{"rendered":"<div class=\"mh-excerpt\"><p>\u2022 Entregan premios a quienes han realizado acciones relevantes en materia ambiental y que han <a class=\"mh-excerpt-more\" href=\"https:\/\/foro1025.mx\/?p=12269\" title=\"Galardona GEM a ciudadanos comprometidos con preservaci\u00f3n del medio ambiente\">&#8230;<\/a><\/p>\n<\/div>","protected":false},"author":1,"featured_media":0,"comment_status":"closed","ping_status":"closed","sticky":false,"template":"","format":"standard","meta":{"footnotes":""},"categories":[13],"tags":[],"class_list":{"0":"post-12269","1":"post","2":"type-post","3":"status-publish","4":"format-standard","6":"category-estado-de-mexico"},"_links":{"self":[{"href":"https:\/\/foro1025.mx\/index.php?rest_route=\/wp\/v2\/posts\/12269","targetHints":{"allow":["GET"]}}],"collection":[{"href":"https:\/\/foro1025.mx\/index.php?rest_route=\/wp\/v2\/posts"}],"about":[{"href":"https:\/\/foro1025.mx\/index.php?rest_route=\/wp\/v2\/types\/post"}],"author":[{"embeddable":true,"href":"https:\/\/foro1025.mx\/index.php?rest_route=\/wp\/v2\/users\/1"}],"replies":[{"embeddable":true,"href":"https:\/\/foro1025.mx\/index.php?rest_route=%2Fwp%2Fv2%2Fcomments&post=12269"}],"version-history":[{"count":1,"href":"https:\/\/foro1025.mx\/index.php?rest_route=\/wp\/v2\/posts\/12269\/revisions"}],"predecessor-version":[{"id":12271,"href":"https:\/\/foro1025.mx\/index.php?rest_route=\/wp\/v2\/posts\/12269\/revisions\/12271"}],"wp:attachment":[{"href":"https:\/\/foro1025.mx\/index.php?rest_route=%2Fwp%2Fv2%2Fmedia&parent=12269"}],"wp:term":[{"taxonomy":"category","embeddable":true,"href":"https:\/\/foro1025.mx\/index.php?rest_route=%2Fwp%2Fv2%2Fcategories&post=12269"},{"taxonomy":"post_tag","embeddable":true,"href":"https:\/\/foro1025.mx\/index.php?rest_route=%2Fwp%2Fv2%2Ftags&post=12269"}],"curies":[{"name":"wp","href":"https:\/\/api.w.org\/{rel}","templated":true}]}}