{"id":12272,"date":"2020-10-12T14:45:35","date_gmt":"2020-10-12T19:45:35","guid":{"rendered":"https:\/\/foro1025.mx\/?p=12272"},"modified":"2020-10-12T14:45:35","modified_gmt":"2020-10-12T19:45:35","slug":"busca-gem-consolidar-programas-de-vivienda-y-ordenamiento-territorial","status":"publish","type":"post","link":"https:\/\/foro1025.mx\/?p=12272","title":{"rendered":"Busca GEM consolidar programas de vivienda y ordenamiento territorial"},"content":{"rendered":"<p class=\"p3\"><i>\u2022 Encabeza Secretario de Desarrollo Urbano y Obra, Rafael D\u00edaz Leal Barrueta, reuni\u00f3n de trabajo para reforzar los programas del Imevis.<\/i><\/p>\n<p class=\"p3\"><i>\u2022 Reitera que la Secretar\u00eda trabaja para cumplir con la encomienda del Gobernador Alfredo Del Mazo: hacer m\u00e1s eficiente el quehacer gubernamental para mejorar las condiciones de vida de los mexiquenses.<\/i><\/p>\n<p class=\"p3\"><b>San Antonio la Isla, Estado de M\u00e9xico.- <\/b>A fin de hacer m\u00e1s eficiente el quehacer gubernamental, tal como lo instruy\u00f3 el Gobernador Alfredo Del Mazo Maza, el Secretario de Desarrollo Urbano y Obra, Rafael D\u00edaz Leal Barrueta, encabez\u00f3 una reuni\u00f3n de trabajo para identificar las oportunidades que permitan consolidar los programas del Instituto Mexiquense de la Vivienda Social (Imevis).<\/p>\n<p class=\"p3\">Durante el encuentro, el funcionario reconoci\u00f3 que con 17 a\u00f1os de experiencia, el Instituto tiene la capacidad y la confianza de los mexiquenses, para superar los retos que impone la demanda de una vivienda digna para familias vulnerables.<\/p>\n<p class=\"p3\">Ante servidores p\u00fablicos del Imevis, encabezados por su Directora General, Alma Ang\u00e9lica Quiles Mart\u00ednez, el titular de Desarrollo Urbano y Obra subray\u00f3 que resulta indispensable afianzar en cada programa, el sentido social, la inclusi\u00f3n, la protecci\u00f3n del medio ambiente y la coordinaci\u00f3n interinstitucional.<\/p>\n","protected":false},"excerpt":{"rendered":"<div class=\"mh-excerpt\"><p>\u2022 Encabeza Secretario de Desarrollo Urbano y Obra, Rafael D\u00edaz Leal Barrueta, reuni\u00f3n de trabajo <a class=\"mh-excerpt-more\" href=\"https:\/\/foro1025.mx\/?p=12272\" title=\"Busca GEM consolidar programas de vivienda y ordenamiento territorial\">&#8230;<\/a><\/p>\n<\/div>","protected":false},"author":1,"featured_media":0,"comment_status":"closed","ping_status":"closed","sticky":false,"template":"","format":"standard","meta":{"footnotes":""},"categories":[13],"tags":[],"class_list":{"0":"post-12272","1":"post","2":"type-post","3":"status-publish","4":"format-standard","6":"category-estado-de-mexico"},"_links":{"self":[{"href":"https:\/\/foro1025.mx\/index.php?rest_route=\/wp\/v2\/posts\/12272","targetHints":{"allow":["GET"]}}],"collection":[{"href":"https:\/\/foro1025.mx\/index.php?rest_route=\/wp\/v2\/posts"}],"about":[{"href":"https:\/\/foro1025.mx\/index.php?rest_route=\/wp\/v2\/types\/post"}],"author":[{"embeddable":true,"href":"https:\/\/foro1025.mx\/index.php?rest_route=\/wp\/v2\/users\/1"}],"replies":[{"embeddable":true,"href":"https:\/\/foro1025.mx\/index.php?rest_route=%2Fwp%2Fv2%2Fcomments&post=12272"}],"version-history":[{"count":1,"href":"https:\/\/foro1025.mx\/index.php?rest_route=\/wp\/v2\/posts\/12272\/revisions"}],"predecessor-version":[{"id":12274,"href":"https:\/\/foro1025.mx\/index.php?rest_route=\/wp\/v2\/posts\/12272\/revisions\/12274"}],"wp:attachment":[{"href":"https:\/\/foro1025.mx\/index.php?rest_route=%2Fwp%2Fv2%2Fmedia&parent=12272"}],"wp:term":[{"taxonomy":"category","embeddable":true,"href":"https:\/\/foro1025.mx\/index.php?rest_route=%2Fwp%2Fv2%2Fcategories&post=12272"},{"taxonomy":"post_tag","embeddable":true,"href":"https:\/\/foro1025.mx\/index.php?rest_route=%2Fwp%2Fv2%2Ftags&post=12272"}],"curies":[{"name":"wp","href":"https:\/\/api.w.org\/{rel}","templated":true}]}}