{"id":12287,"date":"2020-10-12T14:58:59","date_gmt":"2020-10-12T19:58:59","guid":{"rendered":"https:\/\/foro1025.mx\/?p=12287"},"modified":"2020-10-12T15:53:22","modified_gmt":"2020-10-12T20:53:22","slug":"apoya-secretaria-del-trabajo-a-pequenas-y-medianas-empresas","status":"publish","type":"post","link":"https:\/\/foro1025.mx\/?p=12287","title":{"rendered":"Apoya Secretar\u00eda del Trabajo a peque\u00f1as y medianas empresas"},"content":{"rendered":"<p class=\"p3\"><i>\u2022Visita Secretaria del Trabajo, Martha Hilda Gonz\u00e1lez Calder\u00f3n, la Comercializadora F\u00f3rmula Rapunzel.<\/i><\/p>\n<p class=\"p3\"><i>\u2022Se\u00f1ala que son tiempos de cerrar filas y, en conjunto, impulsar acciones que coadyuven a la recuperaci\u00f3n econ\u00f3mica.<\/i><\/p>\n<p class=\"p3\"><b>Toluca, Estado de M\u00e9xico.- <\/b>Durante una visita a la Comercializadora F\u00f3rmula Rapunzel, ubicada en la capital mexiquense, la Secretaria del Trabajo, Martha Hilda Gonz\u00e1lez Calder\u00f3n, resalt\u00f3 la importancia de apoyar a peque\u00f1os y medianos empresas, con el prop\u00f3sito de que crezcan y contribuyan a la generaci\u00f3n de empleos.<\/p>\n<p class=\"p3\">En presencia de la Directora General de la empresa, Magaly Arizmendi, y el Presidente de Confederaci\u00f3n Patronal de la Rep\u00fablica mexicana en la entidad, Jes\u00fas Trigos Rodr\u00edguez, la funcionaria estatal expres\u00f3 que, ante la contingencia sanitaria, es tiempo de cerrar filas y juntos impulsar acciones que coadyuven a la recuperaci\u00f3n econ\u00f3mica.<\/p>\n<p class=\"p3\">Mencion\u00f3 que, por instrucciones del Gobernador Alfredo Del Mazo Maza, se re\u00fane con empresarios y l\u00edderes sindicales, con el objetivo de fortalecer la comunicaci\u00f3n y coordinaci\u00f3n para que prevalezca la paz laboral en territorio estatal.<\/p>\n<p class=\"p3\">Gonz\u00e1lez Calder\u00f3n ofreci\u00f3 a los directivos de esta empresa los servicios que brinda el Instituto de Capacitaci\u00f3n y Adiestramiento para el Trabajo Industrial (ICATI), a fin de que cuenten con personal calificado y certificado.<\/p>\n<p class=\"p3\">Adem\u00e1s, puso su disposici\u00f3n la vinculaci\u00f3n laboral que se realiza desde las nueve Oficinas Regionales del Empleo, con el prop\u00f3sito de que puedan promocionar sus vacantes.<\/p>\n<p class=\"p3\">En la reuni\u00f3n, destac\u00f3 que el Estado de M\u00e9xico ser\u00e1 la primera entidad donde se concrete la Reforma Laboral, toda vez que es la \u00fanica que ya cuenta con la estructura y titular del Centro de Conciliaci\u00f3n Laboral del Estado de M\u00e9xico.<\/p>\n<p class=\"p3\">Gonz\u00e1lez Calder\u00f3n agreg\u00f3 que adem\u00e1s de certificar a los futuros conciliadores del Centro de Conciliaci\u00f3n Laboral del Estado de M\u00e9xico, la citada Reforma va a permitir establecer centros de conciliaci\u00f3n privados, de manera que empresas o c\u00e1maras empresariales se puedan estar adentrando en el ejercicio de la conciliaci\u00f3n.<\/p>\n<p class=\"p3\">En el encuentro estuvieron presentes, Sara D\u00e1vila S\u00e1nchez, Presidenta de la Junta de Conciliaci\u00f3n y Arbitraje del Valle de Toluca, Ana Laura Mart\u00ednez, Directora de Pol\u00edtica e Inclusi\u00f3n Laboral, Jos\u00e9 Antonio Corona Yurrieta, Director de Empleo y Productividad, y Juan Romero, Subdirector de Vinculaci\u00f3n Externa y Asesor\u00eda Empresarial del ICATI.<\/p>\n","protected":false},"excerpt":{"rendered":"<div class=\"mh-excerpt\"><p>\u2022Visita Secretaria del Trabajo, Martha Hilda Gonz\u00e1lez Calder\u00f3n, la Comercializadora F\u00f3rmula Rapunzel. \u2022Se\u00f1ala que son <a class=\"mh-excerpt-more\" href=\"https:\/\/foro1025.mx\/?p=12287\" title=\"Apoya Secretar\u00eda del Trabajo a peque\u00f1as y medianas empresas\">&#8230;<\/a><\/p>\n<\/div>","protected":false},"author":1,"featured_media":0,"comment_status":"closed","ping_status":"closed","sticky":false,"template":"","format":"standard","meta":{"footnotes":""},"categories":[13],"tags":[],"class_list":{"0":"post-12287","1":"post","2":"type-post","3":"status-publish","4":"format-standard","6":"category-estado-de-mexico"},"_links":{"self":[{"href":"https:\/\/foro1025.mx\/index.php?rest_route=\/wp\/v2\/posts\/12287","targetHints":{"allow":["GET"]}}],"collection":[{"href":"https:\/\/foro1025.mx\/index.php?rest_route=\/wp\/v2\/posts"}],"about":[{"href":"https:\/\/foro1025.mx\/index.php?rest_route=\/wp\/v2\/types\/post"}],"author":[{"embeddable":true,"href":"https:\/\/foro1025.mx\/index.php?rest_route=\/wp\/v2\/users\/1"}],"replies":[{"embeddable":true,"href":"https:\/\/foro1025.mx\/index.php?rest_route=%2Fwp%2Fv2%2Fcomments&post=12287"}],"version-history":[{"count":3,"href":"https:\/\/foro1025.mx\/index.php?rest_route=\/wp\/v2\/posts\/12287\/revisions"}],"predecessor-version":[{"id":12309,"href":"https:\/\/foro1025.mx\/index.php?rest_route=\/wp\/v2\/posts\/12287\/revisions\/12309"}],"wp:attachment":[{"href":"https:\/\/foro1025.mx\/index.php?rest_route=%2Fwp%2Fv2%2Fmedia&parent=12287"}],"wp:term":[{"taxonomy":"category","embeddable":true,"href":"https:\/\/foro1025.mx\/index.php?rest_route=%2Fwp%2Fv2%2Fcategories&post=12287"},{"taxonomy":"post_tag","embeddable":true,"href":"https:\/\/foro1025.mx\/index.php?rest_route=%2Fwp%2Fv2%2Ftags&post=12287"}],"curies":[{"name":"wp","href":"https:\/\/api.w.org\/{rel}","templated":true}]}}