{"id":12321,"date":"2020-10-13T12:36:50","date_gmt":"2020-10-13T17:36:50","guid":{"rendered":"https:\/\/foro1025.mx\/?p=12321"},"modified":"2020-10-13T12:36:50","modified_gmt":"2020-10-13T17:36:50","slug":"recomienda-imas-reforzar-medidas-ante-influenza-y-covid-19","status":"publish","type":"post","link":"https:\/\/foro1025.mx\/?p=12321","title":{"rendered":"Recomienda IMAS reforzar medidas ante influenza y COVID-19"},"content":{"rendered":"<p class=\"p1\">Personal del Instituto Municipal de Atenci\u00f3n a la Salud (IMAS) recomend\u00f3 mantener y reforzar las medidas higi\u00e9nicas para inhibir contagios tanto de COVID-19, como de influenza, en las estaciones anuales de oto\u00f1o e invierno.<\/p>\n<p class=\"p1\">Esto en el Programa Municipal de Promoci\u00f3n a la Salud, en el que la Encargada de Despacho del IMAS, Rosalba Gualito Casta\u00f1eda, invit\u00f3 a 50 trabajadores del municipio a atender el curso de capacitaci\u00f3n para replicarlo en sus hogares, con sus familiares y amigos.<\/p>\n<p class=\"p1\">\u201cLa Presidenta Municipal, Patricia Dur\u00e1n Reveles, est\u00e1 ocupada por la salud de los naucalpenses y por la salud de los trabajadores. La prevenci\u00f3n es lo m\u00e1s importante en el pa\u00eds, en el estado y por supuesto en el municipio.<\/p>\n<p class=\"p1\">\u201cQuiero agradecer a los trabajadores de servicios generales y a los de intendencia que han estado al frente de esta pandemia manteniendo al municipio en excelentes condiciones\u201d, expres\u00f3 Gualito Casta\u00f1eda.<\/p>\n<p class=\"p1\">Como parte de la capacitaci\u00f3n, Fernando Campio \u00c1vila, encargado de la Jefatura de Epidemiolog\u00eda del IMAS, y Gustavo Nieves R\u00edos, m\u00e9dico de apoyo en el \u00c1rea de Epidemiolog\u00eda, recordaron la importancia de usar el cubrebocas al salir de casa para evitar la propagaci\u00f3n de COVID-19 e influenza.<\/p>\n<p class=\"p1\">Tambi\u00e9n mostraron videos para atender el correcto lavado de manos, recomendaron salir lo menos posible de casa, mantener la limpieza en superficies de uso com\u00fan, no compartir objetos personales y no automedicarse.<\/p>\n<p class=\"p1\">En tanto, la encargada del Departamento de Nutrici\u00f3n del IMAS, Anahi Aguilar Luna, invit\u00f3 a los presentes a mantenerse hidratados e incluir frutas y verduras en sus alimentos para reforzar el sistema inmunol\u00f3gico y con ello contener posibles s\u00edntomas de enfermedades respiratorias.<\/p>\n<p class=\"p1\">Respecto a si es conveniente aplicarse la inyecci\u00f3n contra la influenza despu\u00e9s de haber padecido COVID-19, los expertos conminaron a todos a aprovechar las campa\u00f1as de vacunaci\u00f3n para evitar contraer influenza, siempre y cuando tengan un buen estado de salud.<\/p>\n<p class=\"p1\">\u201cSi tienes COVID-19 y quieres aplicarte la vacuna contra la influenza no es recomendable, porque debe aplicarse cuando tengas un estado \u00f3ptimo de salud. La vacuna nos ayudar\u00e1 a no poner nuestra vida en riesgo y debe aplicarse a\u00f1o con a\u00f1o\u201d, expuso Campio \u00c1vila.<\/p>\n<p class=\"p1\">Al curso de capacitaci\u00f3n, tambi\u00e9n asistieron Roberto Castelazo Schuler, subdirector de Salud P\u00fablica del IMAS, y Jos\u00e9 Alfredo Serv\u00edn Vargas, director de Servicios Generales.<\/p>\n","protected":false},"excerpt":{"rendered":"<div class=\"mh-excerpt\"><p>Personal del Instituto Municipal de Atenci\u00f3n a la Salud (IMAS) recomend\u00f3 mantener y reforzar las <a class=\"mh-excerpt-more\" href=\"https:\/\/foro1025.mx\/?p=12321\" title=\"Recomienda IMAS reforzar medidas ante influenza y COVID-19\">&#8230;<\/a><\/p>\n<\/div>","protected":false},"author":1,"featured_media":0,"comment_status":"closed","ping_status":"closed","sticky":false,"template":"","format":"standard","meta":{"footnotes":""},"categories":[8,25],"tags":[],"class_list":{"0":"post-12321","1":"post","2":"type-post","3":"status-publish","4":"format-standard","6":"category-naucalpan","7":"category-salud-y-ciencia"},"_links":{"self":[{"href":"https:\/\/foro1025.mx\/index.php?rest_route=\/wp\/v2\/posts\/12321","targetHints":{"allow":["GET"]}}],"collection":[{"href":"https:\/\/foro1025.mx\/index.php?rest_route=\/wp\/v2\/posts"}],"about":[{"href":"https:\/\/foro1025.mx\/index.php?rest_route=\/wp\/v2\/types\/post"}],"author":[{"embeddable":true,"href":"https:\/\/foro1025.mx\/index.php?rest_route=\/wp\/v2\/users\/1"}],"replies":[{"embeddable":true,"href":"https:\/\/foro1025.mx\/index.php?rest_route=%2Fwp%2Fv2%2Fcomments&post=12321"}],"version-history":[{"count":1,"href":"https:\/\/foro1025.mx\/index.php?rest_route=\/wp\/v2\/posts\/12321\/revisions"}],"predecessor-version":[{"id":12323,"href":"https:\/\/foro1025.mx\/index.php?rest_route=\/wp\/v2\/posts\/12321\/revisions\/12323"}],"wp:attachment":[{"href":"https:\/\/foro1025.mx\/index.php?rest_route=%2Fwp%2Fv2%2Fmedia&parent=12321"}],"wp:term":[{"taxonomy":"category","embeddable":true,"href":"https:\/\/foro1025.mx\/index.php?rest_route=%2Fwp%2Fv2%2Fcategories&post=12321"},{"taxonomy":"post_tag","embeddable":true,"href":"https:\/\/foro1025.mx\/index.php?rest_route=%2Fwp%2Fv2%2Ftags&post=12321"}],"curies":[{"name":"wp","href":"https:\/\/api.w.org\/{rel}","templated":true}]}}