{"id":12330,"date":"2020-10-13T12:45:23","date_gmt":"2020-10-13T17:45:23","guid":{"rendered":"https:\/\/foro1025.mx\/?p=12330"},"modified":"2020-10-13T12:45:23","modified_gmt":"2020-10-13T17:45:23","slug":"conmemoran-poderes-publicos-del-edomex-el-descubrimiento-de-america","status":"publish","type":"post","link":"https:\/\/foro1025.mx\/?p=12330","title":{"rendered":"Conmemoran poderes p\u00fablicos del Edom\u00e9x El Descubrimiento de Am\u00e9rica"},"content":{"rendered":"<ul>\n<li>El diputado Juan Maccise tambi\u00e9n particip\u00f3 en la ceremonia del 33 aniversario luctuoso del exgobernador Gustavo Baz Prada.<\/li>\n<\/ul>\n<p class=\"p5\">Con la representaci\u00f3n del Poder Legislativo del Estado de M\u00e9xico, el diputado Juan Maccise Naime, presidente de la Comisi\u00f3n de Gobernaci\u00f3n y Puntos Constitucionales de la LX Legislatura, asisti\u00f3 a la ceremonia conmemorativa del 528 aniversario del descubrimiento de Am\u00e9rica, en el monumento a Crist\u00f3bal Col\u00f3n, donde tambi\u00e9n particip\u00f3 en la guardia de honor con el secretario de Educaci\u00f3n, Gerardo Monroy Serrano, adem\u00e1s de representantes del Poder Judicial, el ayuntamiento de Toluca y de la 22\u00aa Zona Militar.<\/p>\n<p class=\"p5\">Previamente, el legislador tom\u00f3 parte en la guardia de honor con motivo del 33 aniversario luctuoso de Gustavo Baz Prada, quien muri\u00f3 en la Ciudad de M\u00e9xico el 12 de octubre de 1987 y fue gobernador del Estado de M\u00e9xico en dos ocasiones: la primera, entre 1914 y 1915, por nombramiento de las fuerzas zapatistas, y posteriormente por decreto, entre 1957 y 1963.<\/p>\n<p class=\"p5\">En esta ceremonia, realizada en la Rotonda de los Hombres Ilustres del pante\u00f3n municipal de la capital mexiquense, participaron el secretario de Seguridad, Rodrigo Sigfrid Mart\u00ednez Celis Wogau, representante del titular del Ejecutivo estatal, y el magistrado Fernando D\u00edaz Ju\u00e1rez, representante del Poder Judicial.<\/p>\n","protected":false},"excerpt":{"rendered":"<div class=\"mh-excerpt\"><p>El diputado Juan Maccise tambi\u00e9n particip\u00f3 en la ceremonia del 33 aniversario luctuoso del exgobernador <a class=\"mh-excerpt-more\" href=\"https:\/\/foro1025.mx\/?p=12330\" title=\"Conmemoran poderes p\u00fablicos del Edom\u00e9x El Descubrimiento de Am\u00e9rica\">&#8230;<\/a><\/p>\n<\/div>","protected":false},"author":1,"featured_media":0,"comment_status":"closed","ping_status":"closed","sticky":false,"template":"","format":"standard","meta":{"footnotes":""},"categories":[22],"tags":[],"class_list":{"0":"post-12330","1":"post","2":"type-post","3":"status-publish","4":"format-standard","6":"category-diputados"},"_links":{"self":[{"href":"https:\/\/foro1025.mx\/index.php?rest_route=\/wp\/v2\/posts\/12330","targetHints":{"allow":["GET"]}}],"collection":[{"href":"https:\/\/foro1025.mx\/index.php?rest_route=\/wp\/v2\/posts"}],"about":[{"href":"https:\/\/foro1025.mx\/index.php?rest_route=\/wp\/v2\/types\/post"}],"author":[{"embeddable":true,"href":"https:\/\/foro1025.mx\/index.php?rest_route=\/wp\/v2\/users\/1"}],"replies":[{"embeddable":true,"href":"https:\/\/foro1025.mx\/index.php?rest_route=%2Fwp%2Fv2%2Fcomments&post=12330"}],"version-history":[{"count":1,"href":"https:\/\/foro1025.mx\/index.php?rest_route=\/wp\/v2\/posts\/12330\/revisions"}],"predecessor-version":[{"id":12332,"href":"https:\/\/foro1025.mx\/index.php?rest_route=\/wp\/v2\/posts\/12330\/revisions\/12332"}],"wp:attachment":[{"href":"https:\/\/foro1025.mx\/index.php?rest_route=%2Fwp%2Fv2%2Fmedia&parent=12330"}],"wp:term":[{"taxonomy":"category","embeddable":true,"href":"https:\/\/foro1025.mx\/index.php?rest_route=%2Fwp%2Fv2%2Fcategories&post=12330"},{"taxonomy":"post_tag","embeddable":true,"href":"https:\/\/foro1025.mx\/index.php?rest_route=%2Fwp%2Fv2%2Ftags&post=12330"}],"curies":[{"name":"wp","href":"https:\/\/api.w.org\/{rel}","templated":true}]}}