{"id":12360,"date":"2020-10-15T13:51:41","date_gmt":"2020-10-15T18:51:41","guid":{"rendered":"https:\/\/foro1025.mx\/?p=12360"},"modified":"2020-10-15T13:51:41","modified_gmt":"2020-10-15T18:51:41","slug":"coordina-gem-y-municipios-esfuerzos-para-impulsar-medidas-de-prevencion-ante-covid-19","status":"publish","type":"post","link":"https:\/\/foro1025.mx\/?p=12360","title":{"rendered":"Coordina GEM y municipios esfuerzos para impulsar medidas de prevenci\u00f3n ante COVID-19"},"content":{"rendered":"<p class=\"p3\"><i>\u2022 Se re\u00fane la Secretaria del Trabajo, Martha Hilda Gonz\u00e1lez Calder\u00f3n, con representantes de instituciones bancarias de Atizap\u00e1n de Zaragoza y Cuautitl\u00e1n Izcalli.<\/i><\/p>\n<p class=\"p3\"><i>\u2022 Llama a que cumplan con los protocolos en las instalaciones y \u00e1rea de cajeros.<\/i><\/p>\n<p class=\"p3\"><b>Atizap\u00e1n de Zaragoza, Estado de M\u00e9xico.- <\/b>La Secretaria del Trabajo, Martha Hilda Gonz\u00e1lez Calder\u00f3n, se reuni\u00f3 con los Presidentes municipales de Atizap\u00e1n de Zaragoza, Ruth Olvera Nieto, y de Cuautitl\u00e1n Izcalli, Ricardo N\u00fa\u00f1ez Ayala, as\u00ed como con representantes de instituciones bancarias, ubicadas en ambos municipios, con el prop\u00f3sito de impulsar medidas para evitar contagios por COVID-19.<\/p>\n<p class=\"p3\">Con la representaci\u00f3n del Gobernador Alfredo Del Mazo Maza, la funcionaria estatal se\u00f1al\u00f3 que el uso de cubrebocas, la sana distancia y el uso de gel son de la mayor importancia, por lo que hizo un llamado para que dentro de las instituciones y los cajeros autom\u00e1ticos se cumpla con los protocolos establecidos.<\/p>\n<p class=\"p3\">Asimismo, mencion\u00f3 que es muy importante la coordinaci\u00f3n entre las autoridades estatales y municipales, as\u00ed como con las instituciones bancarias, para que se cumpla con las disposiciones establecidas y evitar contagios, sobre todo por el n\u00famero de personas que los d\u00edas que acuden a cobrar su quincena o pensi\u00f3n.<\/p>\n<p class=\"p3\">Es de referir que en reuniones por separado, Gonz\u00e1lez Calder\u00f3n resalt\u00f3 que es necesario llevar a cabo acciones en estos tiempos, en que se habla de COVID-19 e Influenza, a fin de evitar que haya un retroceso en cuanto al sem\u00e1foro epidemiol\u00f3gico.<\/p>\n<p class=\"p3\">En este sentido, indic\u00f3 que la visi\u00f3n del Gobierno del Estado de M\u00e9xico es seguir avanzando hacia adelante hasta llegar al sem\u00e1foro verde y por ello se pide a la poblaci\u00f3n que cumpla con las medidas sanitarias y que las instituciones cumplan con los protocolos.<\/p>\n<p class=\"p3\">Reiter\u00f3 que es tarea de todos concientizar a la ciudadan\u00eda sobre el uso de gel y cubrebocas, as\u00ed como mantener la sana distancia cuando acuden a realizar alguna actividad en lugares concurridos.<\/p>\n<p class=\"p3\">Por su parte, la Presidenta municipal Ruth Olvera Nieto manifest\u00f3 su inter\u00e9s en trabajar para que en el municipio no se incremente el n\u00famero de personas contagiadas por COVID-19, con el prop\u00f3sito de que la poblaci\u00f3n se integre a sus actividades en esta nueva normalidad.<\/p>\n<p class=\"p3\">En su oportunidad, Ricardo N\u00fa\u00f1ez Ayala reiter\u00f3 su disposici\u00f3n por impulsar acciones conjuntas de prevenci\u00f3n en beneficio de los habitantes de su municipio.<\/p>\n","protected":false},"excerpt":{"rendered":"<div class=\"mh-excerpt\"><p>\u2022 Se re\u00fane la Secretaria del Trabajo, Martha Hilda Gonz\u00e1lez Calder\u00f3n, con representantes de instituciones <a class=\"mh-excerpt-more\" href=\"https:\/\/foro1025.mx\/?p=12360\" title=\"Coordina GEM y municipios esfuerzos para impulsar medidas de prevenci\u00f3n ante COVID-19\">&#8230;<\/a><\/p>\n<\/div>","protected":false},"author":1,"featured_media":0,"comment_status":"closed","ping_status":"closed","sticky":false,"template":"","format":"standard","meta":{"footnotes":""},"categories":[1,13],"tags":[],"class_list":{"0":"post-12360","1":"post","2":"type-post","3":"status-publish","4":"format-standard","6":"category-atizapan","7":"category-estado-de-mexico"},"_links":{"self":[{"href":"https:\/\/foro1025.mx\/index.php?rest_route=\/wp\/v2\/posts\/12360","targetHints":{"allow":["GET"]}}],"collection":[{"href":"https:\/\/foro1025.mx\/index.php?rest_route=\/wp\/v2\/posts"}],"about":[{"href":"https:\/\/foro1025.mx\/index.php?rest_route=\/wp\/v2\/types\/post"}],"author":[{"embeddable":true,"href":"https:\/\/foro1025.mx\/index.php?rest_route=\/wp\/v2\/users\/1"}],"replies":[{"embeddable":true,"href":"https:\/\/foro1025.mx\/index.php?rest_route=%2Fwp%2Fv2%2Fcomments&post=12360"}],"version-history":[{"count":1,"href":"https:\/\/foro1025.mx\/index.php?rest_route=\/wp\/v2\/posts\/12360\/revisions"}],"predecessor-version":[{"id":12362,"href":"https:\/\/foro1025.mx\/index.php?rest_route=\/wp\/v2\/posts\/12360\/revisions\/12362"}],"wp:attachment":[{"href":"https:\/\/foro1025.mx\/index.php?rest_route=%2Fwp%2Fv2%2Fmedia&parent=12360"}],"wp:term":[{"taxonomy":"category","embeddable":true,"href":"https:\/\/foro1025.mx\/index.php?rest_route=%2Fwp%2Fv2%2Fcategories&post=12360"},{"taxonomy":"post_tag","embeddable":true,"href":"https:\/\/foro1025.mx\/index.php?rest_route=%2Fwp%2Fv2%2Ftags&post=12360"}],"curies":[{"name":"wp","href":"https:\/\/api.w.org\/{rel}","templated":true}]}}