{"id":12363,"date":"2020-10-15T13:57:39","date_gmt":"2020-10-15T18:57:39","guid":{"rendered":"https:\/\/foro1025.mx\/?p=12363"},"modified":"2020-10-15T13:57:39","modified_gmt":"2020-10-15T18:57:39","slug":"garantiza-difem-derecho-de-identidad-para-adolescentes-sin-registro","status":"publish","type":"post","link":"https:\/\/foro1025.mx\/?p=12363","title":{"rendered":"Garantiza DIFEM derecho de identidad para adolescentes sin registro"},"content":{"rendered":"<p class=\"p3\"><i>\u2022 Detecta DIF estatal, durante operativo por cruceros de atenci\u00f3n a poblaci\u00f3n vulnerable, a adolescentes que con 14 a\u00f1os a\u00fan no contaban con actas de nacimiento.<\/i><\/p>\n<p class=\"p3\"><i>\u2022 Coordina el organismo esfuerzos con la Direcci\u00f3n General del Registro Civil del Edom\u00e9x para darle identidad a los mexiquenses que no cuentan con este derecho.<\/i><\/p>\n<p class=\"p3\"><b>Toluca, Estado de M\u00e9xico.- <\/b>Hace 14 a\u00f1os Do\u00f1a Trinidad qued\u00f3 a cargo de sus nietos, quienes ten\u00edan apenas meses de nacidos cuando su hijo y su nuera se fueron para no regresar, desde entonces los gemelos han crecido bajo el cuidado de su abuela, quien no cuenta con ning\u00fan documento ni registro de nacimiento.<\/p>\n<p class=\"p3\">Luego de un operativo realizado por el DIF Estado de M\u00e9xico (DIFEM), para detectar a poblaci\u00f3n vulnerable, Miguel \u00c1ngel Torres Cabello, Director General del organismo asistencial, platic\u00f3 con Trinidad, quien todos los d\u00edas vende tacos de guisado en un sem\u00e1foro del municipio de Coacalco para salir adelante.<\/p>\n<p class=\"p3\">Hoy, atendiendo el compromiso de la Presidenta Honoraria del DIF mexiquense, Fernanda Castillo de Del Mazo, para hacer valer los derechos de ni\u00f1as, ni\u00f1os y adolescentes, sus nietos ya cuentan con un acta de nacimiento para ingresar a la escuela.<\/p>\n<p class=\"p3\">\u201cNo me lo esperaba, yo llegu\u00e9, iba tendiendo mi puesto cuando vi que unas personas del DIF se me acercaron y pues, el licenciado me explic\u00f3 que pues estaban ah\u00ed para ayudarme y s\u00ed, ciertamente, me ayudaron registrando a mis ni\u00f1os\u201d, dijo Trinidad.<\/p>\n<p class=\"p3\">Cristel Yunuen Pozas Serrano, Procuradora de Protecci\u00f3n de Ni\u00f1as, Ni\u00f1os y Adolescentes del DIFEM, se\u00f1al\u00f3 que esta instituci\u00f3n en coordinaci\u00f3n con la Direcci\u00f3n General del Registro Civil del Estado de M\u00e9xico, verific\u00f3 los antecedentes registrales, que al no contar con ellos, se procedi\u00f3 al registro de los adolescentes, ya con este documento.<\/p>\n<p class=\"p3\">La Procuradora refiri\u00f3 que el siguiente paso, ser\u00e1 tramitar la guarda y custodia de los gemelos en beneficio de su abuelita, a fin de que su familia quede debidamente conformada ante la ley, adem\u00e1s, se dar\u00e1 continuidad buscando que los adolescentes ingresen a una instituci\u00f3n educativa y Trinidad acceda a un programa social.<\/p>\n<p class=\"p3\">En este sentido, detall\u00f3 Pozas Serrano, la instrucci\u00f3n de la se\u00f1ora Fernanda Castillo de Del Mazo, es agotar todos los recursos a fin de garantizar que ni\u00f1as, ni\u00f1os y adolescentes de todo el Estado de M\u00e9xico cuenten con sus derechos, y con ello evitar que caigan en la vulnerabilidad.<\/p>\n<p class=\"p3\">\u201cEl acta de nacimiento es el derecho a la identidad, pero es la puerta a muchos accesos a muchos servicios y pr\u00e1cticamente toda nuestra vida se rige por el acta de nacimiento, actos jur\u00eddicos importantes van a ser necesarios que se tenga el acta de nacimiento, de ah\u00ed que es fundamental reconocerlos como mexicanos\u201d, dijo.<\/p>\n<p class=\"p3\">Para Fernanda Castillo de Del Mazo, subray\u00f3 Pozas Serrano, el DIFEM sigue siendo la instituci\u00f3n m\u00e1s noble para atender a la poblaci\u00f3n con mayores necesidades, por lo que hizo un llamado a los mexiquenses en vulnerabilidad a acercarse al organismo para orientarlos y ofrecerles la atenci\u00f3n requerida.<\/p>\n<p class=\"p3\">Pueden ponerse en contacto con la Procuradur\u00eda de Protecci\u00f3n de Ni\u00f1as, Ni\u00f1os y Adolescentes al n\u00famero telef\u00f3nico 722-227-4705, en las extensiones 107 y 108, y a trav\u00e9s de las redes sociales del DIFEM en Facebook @DIFedomex y Twitter @DIFEM_.<\/p>\n","protected":false},"excerpt":{"rendered":"<div class=\"mh-excerpt\"><p>\u2022 Detecta DIF estatal, durante operativo por cruceros de atenci\u00f3n a poblaci\u00f3n vulnerable, a adolescentes <a class=\"mh-excerpt-more\" href=\"https:\/\/foro1025.mx\/?p=12363\" title=\"Garantiza DIFEM derecho de identidad para adolescentes sin registro\">&#8230;<\/a><\/p>\n<\/div>","protected":false},"author":1,"featured_media":0,"comment_status":"closed","ping_status":"closed","sticky":false,"template":"","format":"standard","meta":{"footnotes":""},"categories":[13],"tags":[],"class_list":{"0":"post-12363","1":"post","2":"type-post","3":"status-publish","4":"format-standard","6":"category-estado-de-mexico"},"_links":{"self":[{"href":"https:\/\/foro1025.mx\/index.php?rest_route=\/wp\/v2\/posts\/12363","targetHints":{"allow":["GET"]}}],"collection":[{"href":"https:\/\/foro1025.mx\/index.php?rest_route=\/wp\/v2\/posts"}],"about":[{"href":"https:\/\/foro1025.mx\/index.php?rest_route=\/wp\/v2\/types\/post"}],"author":[{"embeddable":true,"href":"https:\/\/foro1025.mx\/index.php?rest_route=\/wp\/v2\/users\/1"}],"replies":[{"embeddable":true,"href":"https:\/\/foro1025.mx\/index.php?rest_route=%2Fwp%2Fv2%2Fcomments&post=12363"}],"version-history":[{"count":1,"href":"https:\/\/foro1025.mx\/index.php?rest_route=\/wp\/v2\/posts\/12363\/revisions"}],"predecessor-version":[{"id":12365,"href":"https:\/\/foro1025.mx\/index.php?rest_route=\/wp\/v2\/posts\/12363\/revisions\/12365"}],"wp:attachment":[{"href":"https:\/\/foro1025.mx\/index.php?rest_route=%2Fwp%2Fv2%2Fmedia&parent=12363"}],"wp:term":[{"taxonomy":"category","embeddable":true,"href":"https:\/\/foro1025.mx\/index.php?rest_route=%2Fwp%2Fv2%2Fcategories&post=12363"},{"taxonomy":"post_tag","embeddable":true,"href":"https:\/\/foro1025.mx\/index.php?rest_route=%2Fwp%2Fv2%2Ftags&post=12363"}],"curies":[{"name":"wp","href":"https:\/\/api.w.org\/{rel}","templated":true}]}}