{"id":12418,"date":"2020-10-26T16:45:28","date_gmt":"2020-10-26T22:45:28","guid":{"rendered":"https:\/\/foro1025.mx\/?p=12418"},"modified":"2020-10-26T16:45:28","modified_gmt":"2020-10-26T22:45:28","slug":"gobierno-municipal-entrega-malla-ciclonica-a-la-universidad-politecnica-de-cuautitlan-izcalli","status":"publish","type":"post","link":"https:\/\/foro1025.mx\/?p=12418","title":{"rendered":"Gobierno municipal entrega malla cicl\u00f3nica a la Universidad Polit\u00e9cnica de Cuautitl\u00e1n Izcalli"},"content":{"rendered":"<div class=\"page\" title=\"Page 1\">\n<div class=\"layoutArea\">\n<div class=\"column\">\n<p>Con el objetivo de apoyar a la comunidad estudiantil izcallense, el presidente Municipal, Ricardo Nu\u0301n\u0303ez Ayala, visito\u0301 la Universidad Polite\u0301cnica de Cuautitla\u0301n Izcalli (UPCI) en el pueblo de San Francisco Tepojaco, para hacer una donacio\u0301n de malla ciclo\u0301nica que servira\u0301 para salvaguardar sus instalaciones.<\/p>\n<p>La donacio\u0301n gestionada por la Direccio\u0301n de Educacio\u0301n consta de 500 metros de malla ciclo\u0301nica que tendra\u0301 la finalidad de proteger las nuevas instalaciones del laboratorio pesado y del Centro de Informacio\u0301n que construyeron en la escuela recientemente.<\/p>\n<p>La rectora de la Universidad Polite\u0301cnica, Teresa Lizet Marti\u0301nez Plata, agradecio\u0301 al gobierno Municipal por tan importante aportacio\u0301n y sen\u0303alo\u0301 que es algo necesario para ellos, ya que servira\u0301 para resguardar el crecimiento que esta\u0301 teniendo la escuela y tambie\u0301n a la comunidad estudiantil.<\/p>\n<p>Asimismo, el alcalde menciono\u0301 que el municipio cuenta con una gran comunidad acade\u0301mica y por eso esta administracio\u0301n Municipal busca facilitar su desarrollo y trabajo. \u201cMi compromiso con la educacio\u0301n y sus respectivas comunidades, es y sera\u0301 permanente. Esa es una de las tareas que el gobierno de la transformacio\u0301n tiene como prioridad en todos los niveles de gobierno\u201d, dijo.<\/p>\n<p>En la entrega tambie\u0301n estuvieron presentes la directora de Educacio\u0301n, Guadalupe Ortiz Palomino; la encargada de despacho de la Direccio\u0301n General de Desarrollo Humano, Nancy Gutie\u0301rrez Herrera; el jefe de Servicios Educativos de la Direccio\u0301n de Educacio\u0301n, Omar Marti\u0301nez y el subdirector acade\u0301mico de la Universidad Polite\u0301cnica, Alejandro Flores Huerta.<\/p>\n<\/div>\n<\/div>\n<\/div>\n","protected":false},"excerpt":{"rendered":"<div class=\"mh-excerpt\"><p>Con el objetivo de apoyar a la comunidad estudiantil izcallense, el presidente Municipal, Ricardo Nu\u0301n\u0303ez <a class=\"mh-excerpt-more\" href=\"https:\/\/foro1025.mx\/?p=12418\" title=\"Gobierno municipal entrega malla cicl\u00f3nica a la Universidad Polit\u00e9cnica de Cuautitl\u00e1n Izcalli\">&#8230;<\/a><\/p>\n<\/div>","protected":false},"author":1,"featured_media":0,"comment_status":"closed","ping_status":"closed","sticky":false,"template":"","format":"standard","meta":{"footnotes":""},"categories":[29],"tags":[],"class_list":{"0":"post-12418","1":"post","2":"type-post","3":"status-publish","4":"format-standard","6":"category-cuautitlan-izcalli"},"_links":{"self":[{"href":"https:\/\/foro1025.mx\/index.php?rest_route=\/wp\/v2\/posts\/12418","targetHints":{"allow":["GET"]}}],"collection":[{"href":"https:\/\/foro1025.mx\/index.php?rest_route=\/wp\/v2\/posts"}],"about":[{"href":"https:\/\/foro1025.mx\/index.php?rest_route=\/wp\/v2\/types\/post"}],"author":[{"embeddable":true,"href":"https:\/\/foro1025.mx\/index.php?rest_route=\/wp\/v2\/users\/1"}],"replies":[{"embeddable":true,"href":"https:\/\/foro1025.mx\/index.php?rest_route=%2Fwp%2Fv2%2Fcomments&post=12418"}],"version-history":[{"count":1,"href":"https:\/\/foro1025.mx\/index.php?rest_route=\/wp\/v2\/posts\/12418\/revisions"}],"predecessor-version":[{"id":12420,"href":"https:\/\/foro1025.mx\/index.php?rest_route=\/wp\/v2\/posts\/12418\/revisions\/12420"}],"wp:attachment":[{"href":"https:\/\/foro1025.mx\/index.php?rest_route=%2Fwp%2Fv2%2Fmedia&parent=12418"}],"wp:term":[{"taxonomy":"category","embeddable":true,"href":"https:\/\/foro1025.mx\/index.php?rest_route=%2Fwp%2Fv2%2Fcategories&post=12418"},{"taxonomy":"post_tag","embeddable":true,"href":"https:\/\/foro1025.mx\/index.php?rest_route=%2Fwp%2Fv2%2Ftags&post=12418"}],"curies":[{"name":"wp","href":"https:\/\/api.w.org\/{rel}","templated":true}]}}