{"id":12495,"date":"2020-10-26T18:04:12","date_gmt":"2020-10-27T00:04:12","guid":{"rendered":"https:\/\/foro1025.mx\/?p=12495"},"modified":"2020-10-26T18:04:12","modified_gmt":"2020-10-27T00:04:12","slug":"conmemora-isem-mes-de-sensibilizacion-sobre-el-cancer-de-mama","status":"publish","type":"post","link":"https:\/\/foro1025.mx\/?p=12495","title":{"rendered":"Conmemora ISEM mes de sensibilizaci\u00f3n sobre el c\u00e1ncer de mama"},"content":{"rendered":"<p class=\"p3\"><i>\u2022 Proyectan pel\u00edcula con el tema de la importancia de diagnosticar de forma temprana los tumores malignos en pecho.<\/i><\/p>\n<p class=\"p3\"><i>\u2022 Entrega reconocimientos a ganadores del Concurso estatal de carteles alusivos a esta efem\u00e9ride.<\/i><\/p>\n<p class=\"p3\"><b>Toluca, Estado de M\u00e9xico.-<\/b>Autoridades del Instituto de Salud del Estado de M\u00e9xico (ISEM) conmemoraron el Mes de sensibilizaci\u00f3n de la lucha contra el c\u00e1ncer con un llamado a la prevenci\u00f3n de esta enfermedad y reconociendo a las mujeres que han vencido este padecimiento.<\/p>\n<p class=\"p3\">En un emotivo evento que incluy\u00f3 la proyecci\u00f3n de una pel\u00edcula con el tema de la importancia de diagnosticar de forma temprana los tumores malignos en pecho, se exhort\u00f3 a todas las mexiquenses mayores de 25 a\u00f1os a realizarse cada mes la autoexploraci\u00f3n mamaria y la mastograf\u00eda a partir de los 40 y hasta los 69 a\u00f1os de edad, con la finalidad de detectar a tiempo esta afectaci\u00f3n oncol\u00f3gica.<\/p>\n<p class=\"p3\">Presidieron esta efem\u00e9ride, el Coordinador de Salud del ISEM, Carlos Aranza Doniz, el Subdirector de Prevenci\u00f3n y Control de Enfermedades, Godwin Gonz\u00e1lez Estrada, la Presidenta Honoraria del Voluntariado del ISEM AC, Mercedes Rangel de O\u2019Shea, adem\u00e1s de Mar\u00eda del Carmen Gonz\u00e1lez Guadarrama y \u00c1ngela Retana Correa, quienes con apoyo del Gobierno estatal superaron el c\u00e1ncer de mam\u00e1.<\/p>\n<p class=\"p3\">Este acto congreg\u00f3 a m\u00e1s de 400 asistentes en autos y se entregaron reconocimientos a representantes del Centro M\u00e9dico \u00abLic. Adolfo L\u00f3pez Mateos\u00bb, al Hospital General \u00abDr. Salvador Gonz\u00e1lez Herrej\u00f3n\u00bb, de Atizap\u00e1n de Zaragoza, y la Jurisdicci\u00f3n Sanitaria Ecatepec, quienes fueron ganadores del Concurso Estatal de carteles alusivos a la lucha contra esta enfermedad oncol\u00f3gica.<\/p>\n<p class=\"p3\">El Doctor Aranza Doniz enfatiz\u00f3 el amplio inter\u00e9s que tiene el Gobernador Alfredo Del Mazo Maza por la salud y bienestar de las mujeres mexiquenses y que a trav\u00e9s de los programas de salud, a cargo del Doctor Gabriel O\u2019Shea, se ofrecen servicios de diagn\u00f3stico y se promueven estilos de vida saludable.<\/p>\n<p class=\"p3\">Directivos del ISEM celebraron la colaboraci\u00f3n entre el Gobierno estatal, organizaciones civiles y l\u00edderes que promueven la detecci\u00f3n oportuna de los distintos tipos de c\u00e1ncer, al tiempo que refirieron tener la infraestructura para ofrecer consultas en las \u00e1reas rurales y urbanas, a fin de prevenir estas enfermedades.<\/p>\n","protected":false},"excerpt":{"rendered":"<div class=\"mh-excerpt\"><p>\u2022 Proyectan pel\u00edcula con el tema de la importancia de diagnosticar de forma temprana los <a class=\"mh-excerpt-more\" href=\"https:\/\/foro1025.mx\/?p=12495\" title=\"Conmemora ISEM mes de sensibilizaci\u00f3n sobre el c\u00e1ncer de mama\">&#8230;<\/a><\/p>\n<\/div>","protected":false},"author":1,"featured_media":0,"comment_status":"closed","ping_status":"closed","sticky":false,"template":"","format":"standard","meta":{"footnotes":""},"categories":[13,25],"tags":[],"class_list":{"0":"post-12495","1":"post","2":"type-post","3":"status-publish","4":"format-standard","6":"category-estado-de-mexico","7":"category-salud-y-ciencia"},"_links":{"self":[{"href":"https:\/\/foro1025.mx\/index.php?rest_route=\/wp\/v2\/posts\/12495","targetHints":{"allow":["GET"]}}],"collection":[{"href":"https:\/\/foro1025.mx\/index.php?rest_route=\/wp\/v2\/posts"}],"about":[{"href":"https:\/\/foro1025.mx\/index.php?rest_route=\/wp\/v2\/types\/post"}],"author":[{"embeddable":true,"href":"https:\/\/foro1025.mx\/index.php?rest_route=\/wp\/v2\/users\/1"}],"replies":[{"embeddable":true,"href":"https:\/\/foro1025.mx\/index.php?rest_route=%2Fwp%2Fv2%2Fcomments&post=12495"}],"version-history":[{"count":1,"href":"https:\/\/foro1025.mx\/index.php?rest_route=\/wp\/v2\/posts\/12495\/revisions"}],"predecessor-version":[{"id":12497,"href":"https:\/\/foro1025.mx\/index.php?rest_route=\/wp\/v2\/posts\/12495\/revisions\/12497"}],"wp:attachment":[{"href":"https:\/\/foro1025.mx\/index.php?rest_route=%2Fwp%2Fv2%2Fmedia&parent=12495"}],"wp:term":[{"taxonomy":"category","embeddable":true,"href":"https:\/\/foro1025.mx\/index.php?rest_route=%2Fwp%2Fv2%2Fcategories&post=12495"},{"taxonomy":"post_tag","embeddable":true,"href":"https:\/\/foro1025.mx\/index.php?rest_route=%2Fwp%2Fv2%2Ftags&post=12495"}],"curies":[{"name":"wp","href":"https:\/\/api.w.org\/{rel}","templated":true}]}}